{"id":20569,"date":"2021-05-08T00:12:03","date_gmt":"2021-05-08T00:12:03","guid":{"rendered":"https:\/\/www.radiopresidenteibanez.cl\/web\/?p=20569"},"modified":"2021-05-08T00:12:09","modified_gmt":"2021-05-08T00:12:09","slug":"capital-semilla-emprendedora-artesanal","status":"publish","type":"post","link":"https:\/\/www.radiopresidenteibanez.cl\/web\/capital-semilla-emprendedora-artesanal\/","title":{"rendered":"CAPITAL SEMILLA EMPRENDEDORA ARTESANAL"},"content":{"rendered":"\n<p>Natalia Easton, Seremi de Econom\u00eda,\nFomento y Turismo, indic\u00f3: \u201cEste programa, con enfoque de g\u00e9nero, entrega\nfinanciamiento para dar continuidad a emprendimientos de las mujeres del sector\npesquero artesanal y para seguir fortaleciendo la capacidad emprendedora de m\u00e1s\nmujeres que quieran desenvolverse en esta ic\u00f3nica industria de nuestra regi\u00f3n\u201d.\n&nbsp;<\/p>\n\n\n\n<p>La iniciativa tiene como objetivo\napoyar el emprendimiento de mujeres del sector artesanal y consolidar los\nmejores planes de negocios, que fueron desarrollados a trav\u00e9s del programa\nTejiendo Redes &#8211; Mujer Emprendedora de la Pesca Artesanal.<\/p>\n\n\n\n<p>Easton agreg\u00f3: \u201cLa convocatoria\ndispone de 200 cupos iniciales, para el financiamiento de proyectos de\nemprendimiento de mujeres de la pesca artesanal, otorgando asistencia t\u00e9cnica y\nun fondo de inversi\u00f3n para la compra de bienes o servicios, que les permitan\nfortalecer la implementaci\u00f3n de sus proyectos de negocios\u201d.<\/p>\n\n\n\n<p>Por su parte, Paulina Barraza, Directora\nZonal de Pesca, indic\u00f3: \u201cEl apoyo puede relacionarse con asistencia t\u00e9cnica o\nfondo de inversi\u00f3n, lo que ser\u00e1 de gran ayuda para el acompa\u00f1amiento individual\nde 20 horas aproximadas, en materias de gesti\u00f3n comercial, financiera y\nproductiva del emprendimiento de cada beneficiaria o beneficiarias en caso de\nque la postulaci\u00f3n sea asociativa (hasta dos emprendedoras). El programa deber\u00e1\nculminar con la formalizaci\u00f3n del negocio a emprender. Este proceso podr\u00e1\ncomenzar de manera virtual (video llamadas, video conferencia, entre otros) y\ndeber\u00e1 ser implementado en terreno, con al menos una visita en el lugar de\nfuncionamiento del emprendimiento\u201d.<\/p>\n\n\n\n<p>Adem\u00e1s, existe el fondo de inversi\u00f3n\nde $1.500.000 a $2.350.000 por beneficiaria. Este fondo financiar\u00e1 la implementaci\u00f3n\ndel proyecto de negocio presentado al concurso, destinado a implementar y\/o\nresolver problemas de car\u00e1cter productivo, jur\u00eddico o de gesti\u00f3n, en forma tal\nque les permita generar una dotaci\u00f3n de capital m\u00ednimo para el desarrollo de su\nemprendimiento. A partir de la definici\u00f3n del Proyecto de Negocios, lo cual se\nreforzar\u00e1 en las asistencias t\u00e9cnicas individuales, se realizar\u00e1 la inversi\u00f3n\nnecesaria para el desarrollo de las actividades propuestas, con el objeto final\nde potenciar y\/o formalizar el negocio. El fondo de inversi\u00f3n podr\u00e1 costear los\nrequerimientos de equipamiento y\/o tr\u00e1mites asociados, que sean detectados en\nla asistencia t\u00e9cnica realizada y en el plan de negocios propuesto, el cual\ndeber\u00e1 ser previamente aprobado por Indespa.<\/p>\n\n\n\n<p>*Para la postulaci\u00f3n asociativa\n(hasta 2 emprendedoras), el fondo de inversi\u00f3n al que podr\u00e1n optar\ncorresponder\u00e1 entre $3.000.000 y $4.700.000.<\/p>\n\n\n\n<p>Los requisitos de postulaci\u00f3n al\ninstrumento se detallan a continuaci\u00f3n:<\/p>\n\n\n\n<p>1. Mujeres Pescadoras Artesanales\ncon Registro Pesquero Artesanal (RPA)<\/p>\n\n\n\n<p>2. Residencia en la zona de\nfocalizaci\u00f3n definida por el concurso.<\/p>\n\n\n\n<p>3. Egresadas de Programa Tejiendo\nRedes, Mujer Emprendedora de la Pesca Artesanal o de programas similares\nimpartidos por otros organismos p\u00fablicos (Ejemplo: Sercotec, Fosis, Sence,\nProdemu, Indap, entre otros), que desarrollen un emprendimiento econ\u00f3mico, y\nque deseen avanzar hacia la consolidaci\u00f3n de su negocio.<\/p>\n\n\n\n<p>Las postulaciones se encontrar\u00e1n\nabiertas hasta el d\u00eda 12 de mayo 2021, las cuales deber\u00e1n ser enviadas en\nformato digital al correo electr\u00f3nico: <a href=\"mailto:capitalsemilla@indespa.cl\">capitalsemilla@indespa.cl<\/a>, y en formato\nf\u00edsico se podr\u00e1n entregar en la oficina de Sernapesca o Direcci\u00f3n Zonal de\nPesca y Acuicultura m\u00e1s cercana.<\/p>\n\n\n\n<p>Las bases de postulaci\u00f3n se\nencuentran disponibles en <a href=\"https:\/\/www.indespa.cl\/concursos\/\">https:\/\/www.indespa.cl\/concursos\/<\/a>.<\/p>\n","protected":false},"excerpt":{"rendered":"<p>Natalia Easton, Seremi de Econom\u00eda, Fomento y Turismo, indic\u00f3: \u201cEste programa, con enfoque de g\u00e9nero, entrega financiamiento para dar continuidad a emprendimientos de las mujeres del sector pesquero artesanal y&#8230; <a class=\"read-more\" href=\"https:\/\/www.radiopresidenteibanez.cl\/web\/capital-semilla-emprendedora-artesanal\/\">Leer m\u00e1s<\/a><\/p>\n","protected":false},"author":2,"featured_media":10946,"comment_status":"closed","ping_status":"closed","sticky":false,"template":"","format":"standard","meta":{"footnotes":""},"categories":[1],"tags":[],"class_list":["post-20569","post","type-post","status-publish","format-standard","has-post-thumbnail","hentry","category-cronica"],"_links":{"self":[{"href":"https:\/\/www.radiopresidenteibanez.cl\/web\/wp-json\/wp\/v2\/posts\/20569","targetHints":{"allow":["GET"]}}],"collection":[{"href":"https:\/\/www.radiopresidenteibanez.cl\/web\/wp-json\/wp\/v2\/posts"}],"about":[{"href":"https:\/\/www.radiopresidenteibanez.cl\/web\/wp-json\/wp\/v2\/types\/post"}],"author":[{"embeddable":true,"href":"https:\/\/www.radiopresidenteibanez.cl\/web\/wp-json\/wp\/v2\/users\/2"}],"replies":[{"embeddable":true,"href":"https:\/\/www.radiopresidenteibanez.cl\/web\/wp-json\/wp\/v2\/comments?post=20569"}],"version-history":[{"count":0,"href":"https:\/\/www.radiopresidenteibanez.cl\/web\/wp-json\/wp\/v2\/posts\/20569\/revisions"}],"wp:featuredmedia":[{"embeddable":true,"href":"https:\/\/www.radiopresidenteibanez.cl\/web\/wp-json\/wp\/v2\/media\/10946"}],"wp:attachment":[{"href":"https:\/\/www.radiopresidenteibanez.cl\/web\/wp-json\/wp\/v2\/media?parent=20569"}],"wp:term":[{"taxonomy":"category","embeddable":true,"href":"https:\/\/www.radiopresidenteibanez.cl\/web\/wp-json\/wp\/v2\/categories?post=20569"},{"taxonomy":"post_tag","embeddable":true,"href":"https:\/\/www.radiopresidenteibanez.cl\/web\/wp-json\/wp\/v2\/tags?post=20569"}],"curies":[{"name":"wp","href":"https:\/\/api.w.org\/{rel}","templated":true}]}}