{"id":20566,"date":"2021-05-08T00:10:34","date_gmt":"2021-05-08T00:10:34","guid":{"rendered":"https:\/\/www.radiopresidenteibanez.cl\/web\/?p=20566"},"modified":"2021-05-08T00:10:39","modified_gmt":"2021-05-08T00:10:39","slug":"entregan-equipos-moviles-a-fundacion-cavirata-para-favorecer-comunicacion-de-personas-mayores-en-tiempos-de-pandemia","status":"publish","type":"post","link":"https:\/\/www.radiopresidenteibanez.cl\/web\/entregan-equipos-moviles-a-fundacion-cavirata-para-favorecer-comunicacion-de-personas-mayores-en-tiempos-de-pandemia\/","title":{"rendered":"ENTREGAN EQUIPOS M\u00d3VILES A FUNDACI\u00d3N CAVIRATA PARA FAVORECER COMUNICACI\u00d3N DE PERSONAS MAYORES EN TIEMPOS DE PANDEMIA"},"content":{"rendered":"\n<p>Cumpliendo con los objetivos propuestos en el proyecto\u00a0\u201cGrandes amig@s, mayor conexi\u00f3n\u201d\u00a0adjudicado en el concurso ENAP Impulsa, acad\u00e9micos\/as y estudiantes pertenecientes al Voluntariado de la Universidad de Magallanes, llegaron hasta el Hogar Cavirata de Punta Arenas, para hacer entrega de tel\u00e9fonos m\u00f3viles inteligentes con conexi\u00f3n a internet a su directiva, en beneficio de las y los adultos mayores de esta residencia con el fin de favorecer su comunicaci\u00f3n con el medio externo en el contexto de crisis sanitaria que estamos viviendo.<\/p>\n\n\n\n<p>La estudiante de Enfermer\u00eda y presidenta del Voluntariado, Sandy Vargas, coment\u00f3 que la idea surgi\u00f3 en medio del trabajo de acompa\u00f1amiento remoto que se encuentran realizando, desde 2020, con las personas mayores del Hogar, ya que vieron la necesidad de mantener una conexi\u00f3n constante con ellos\/as en virtud de promover su interacci\u00f3n social y brindarles un espacio de escucha. De esta forma, la iniciativa, ahora posibilitar\u00e1 que puedan verse a trav\u00e9s de videollamadas, una acci\u00f3n que esperan pueda brindarles mejor comunicaci\u00f3n y mayor alegr\u00eda, no s\u00f3lo con el Voluntariado, sino tambi\u00e9n con la gente cercana que quieran contactar.<\/p>\n\n\n\n<p>\u201cEl proceso en general ha sido muy bueno y mantenemos la comunicaci\u00f3n. Ellos nos esperan cada semana para los llamados y conversamos de todo un poco, pero siempre tratamos de sacarlos del \u00e1rea contingente que es la pandemia, as\u00ed que va a ser muy grato poder verlos, ya que no lo pod\u00edamos hacer antes. S\u00f3lo esperemos que todo funcione y salga bien\u201d, manifest\u00f3 la dirigente estudiantil, haciendo un balance positivo del proceso de acompa\u00f1amiento que brindan a estas personas mayores en tiempos de pandemia para cuidar de su salud mental.<\/p>\n\n\n\n<p>Para la presidenta de la Fundaci\u00f3n Humanitaria Cavirata, Elena Rada, en tanto \u201cha sido fant\u00e1stica la iniciativa de la Universidad con apoyo de ENAP, ya que han contribuido para hacer este hermoso regalo a todos los residentes y es extraordinario. Yo los felicito y les agradezco mucho tanto a nombre de la directiva de la Fundaci\u00f3n, como de todos los residentes. Estamos muy contentos de esta colaboraci\u00f3n y que est\u00e9n, como Universidad, preocupados de poder apoyar a quienes m\u00e1s lo necesitan\u201d.<\/p>\n","protected":false},"excerpt":{"rendered":"<p>Cumpliendo con los objetivos propuestos en el proyecto\u00a0\u201cGrandes amig@s, mayor conexi\u00f3n\u201d\u00a0adjudicado en el concurso ENAP Impulsa, acad\u00e9micos\/as y estudiantes pertenecientes al Voluntariado de la Universidad de Magallanes, llegaron hasta el&#8230; <a class=\"read-more\" href=\"https:\/\/www.radiopresidenteibanez.cl\/web\/entregan-equipos-moviles-a-fundacion-cavirata-para-favorecer-comunicacion-de-personas-mayores-en-tiempos-de-pandemia\/\">Leer m\u00e1s<\/a><\/p>\n","protected":false},"author":2,"featured_media":20567,"comment_status":"closed","ping_status":"closed","sticky":false,"template":"","format":"standard","meta":{"footnotes":""},"categories":[1],"tags":[],"class_list":["post-20566","post","type-post","status-publish","format-standard","has-post-thumbnail","hentry","category-cronica"],"_links":{"self":[{"href":"https:\/\/www.radiopresidenteibanez.cl\/web\/wp-json\/wp\/v2\/posts\/20566","targetHints":{"allow":["GET"]}}],"collection":[{"href":"https:\/\/www.radiopresidenteibanez.cl\/web\/wp-json\/wp\/v2\/posts"}],"about":[{"href":"https:\/\/www.radiopresidenteibanez.cl\/web\/wp-json\/wp\/v2\/types\/post"}],"author":[{"embeddable":true,"href":"https:\/\/www.radiopresidenteibanez.cl\/web\/wp-json\/wp\/v2\/users\/2"}],"replies":[{"embeddable":true,"href":"https:\/\/www.radiopresidenteibanez.cl\/web\/wp-json\/wp\/v2\/comments?post=20566"}],"version-history":[{"count":0,"href":"https:\/\/www.radiopresidenteibanez.cl\/web\/wp-json\/wp\/v2\/posts\/20566\/revisions"}],"wp:featuredmedia":[{"embeddable":true,"href":"https:\/\/www.radiopresidenteibanez.cl\/web\/wp-json\/wp\/v2\/media\/20567"}],"wp:attachment":[{"href":"https:\/\/www.radiopresidenteibanez.cl\/web\/wp-json\/wp\/v2\/media?parent=20566"}],"wp:term":[{"taxonomy":"category","embeddable":true,"href":"https:\/\/www.radiopresidenteibanez.cl\/web\/wp-json\/wp\/v2\/categories?post=20566"},{"taxonomy":"post_tag","embeddable":true,"href":"https:\/\/www.radiopresidenteibanez.cl\/web\/wp-json\/wp\/v2\/tags?post=20566"}],"curies":[{"name":"wp","href":"https:\/\/api.w.org\/{rel}","templated":true}]}}