{"id":20564,"date":"2021-05-08T00:06:49","date_gmt":"2021-05-08T00:06:49","guid":{"rendered":"https:\/\/www.radiopresidenteibanez.cl\/web\/?p=20564"},"modified":"2021-05-08T00:06:54","modified_gmt":"2021-05-08T00:06:54","slug":"diputada-amar-destaca-nueva-ley-que-permitira-a-hombres-ser-carga-de-la-mujer-en-prestaciones-de-salud","status":"publish","type":"post","link":"https:\/\/www.radiopresidenteibanez.cl\/web\/diputada-amar-destaca-nueva-ley-que-permitira-a-hombres-ser-carga-de-la-mujer-en-prestaciones-de-salud\/","title":{"rendered":"DIPUTADA AMAR DESTACA NUEVA LEY QUE PERMITIR\u00c1 A HOMBRES SER CARGA DE LA MUJER EN PRESTACIONES DE SALUD"},"content":{"rendered":"\n<p>A solo la firma del Presidente de la\nRep\u00fablica para ser Ley, se encuentra el proyecto que permite que los hombres\npuedan ser cargas de las mujeres en prestaciones de salud, lo que seg\u00fan la\nDiputada Sandra Amar, \u201ces un avance importante en materia de igualdad y equidad\nde g\u00e9nero\u201d. <\/p>\n\n\n\n<p>El proyecto de Ley que ya avanz\u00f3 todos\nlos tr\u00e1mites tanto de la C\u00e1mara de Diputados como de la del Senado est\u00e1 pr\u00f3ximo\na ser ley de la Rep\u00fablica. <\/p>\n\n\n\n<p>\u201cHoy tenemos la posibilidad de presenciar\nescenarios que, hasta hace no muchos a\u00f1os atr\u00e1s, hubiesen sido inimaginables.\nDesde la mujer siendo jefa de hogar y encargada del sustento econ\u00f3mico del\nmismo, con hombres dedicados exclusivamente al cuidado del hogar, hasta\ntrabajos igualmente remunerados con una mayor participaci\u00f3n de las mujeres en\nel universo laboral. Frente a esto, es destacable que estemos entrando a un\nproceso de actualizaci\u00f3n de nuestras leyes, donde los tejados de cristal y las\nbrechas injustificadas entre hombres y mujeres han comenzado a derribarse\u201d\nafirm\u00f3 la parlamentaria.<\/p>\n\n\n\n<p>A eso agreg\u00f3 que \u201ces por esta\nraz\u00f3n que, esta\niniciativa que nace de la necesidad de combatir la discriminaci\u00f3n sin importar\na que persona, sexo o g\u00e9nero esta afecte, se convierta en ley. Esto es muy significativo\nporque viene a dar soluci\u00f3n y apoyo a esas familias que buscan una mejor\nestabilidad, sin importar si es el hombre o la\nmujer el encargado de sostener econ\u00f3micamente a la familia. Valoro de gran\nmanera que podamos avanzar en materias como esta que son fundamentales para los tiempos actuales\u201d.<\/p>\n\n\n\n<p>Cabe destacar que esta ley aplica solo para aquellas personas unidas\npor el v\u00ednculo matrimonial y ser\u00e1n ellas mismas quienes podr\u00e1n ahora determinar, en los casos que corresponda, si el hombre ser\u00e1 carga de la mujer o viceversa, en el sistema de\nsalud. <\/p>\n","protected":false},"excerpt":{"rendered":"<p>A solo la firma del Presidente de la Rep\u00fablica para ser Ley, se encuentra el proyecto que permite que los hombres puedan ser cargas de las mujeres en prestaciones de&#8230; <a class=\"read-more\" href=\"https:\/\/www.radiopresidenteibanez.cl\/web\/diputada-amar-destaca-nueva-ley-que-permitira-a-hombres-ser-carga-de-la-mujer-en-prestaciones-de-salud\/\">Leer m\u00e1s<\/a><\/p>\n","protected":false},"author":2,"featured_media":20494,"comment_status":"closed","ping_status":"closed","sticky":false,"template":"","format":"standard","meta":{"footnotes":""},"categories":[1],"tags":[],"class_list":["post-20564","post","type-post","status-publish","format-standard","has-post-thumbnail","hentry","category-cronica"],"_links":{"self":[{"href":"https:\/\/www.radiopresidenteibanez.cl\/web\/wp-json\/wp\/v2\/posts\/20564","targetHints":{"allow":["GET"]}}],"collection":[{"href":"https:\/\/www.radiopresidenteibanez.cl\/web\/wp-json\/wp\/v2\/posts"}],"about":[{"href":"https:\/\/www.radiopresidenteibanez.cl\/web\/wp-json\/wp\/v2\/types\/post"}],"author":[{"embeddable":true,"href":"https:\/\/www.radiopresidenteibanez.cl\/web\/wp-json\/wp\/v2\/users\/2"}],"replies":[{"embeddable":true,"href":"https:\/\/www.radiopresidenteibanez.cl\/web\/wp-json\/wp\/v2\/comments?post=20564"}],"version-history":[{"count":0,"href":"https:\/\/www.radiopresidenteibanez.cl\/web\/wp-json\/wp\/v2\/posts\/20564\/revisions"}],"wp:featuredmedia":[{"embeddable":true,"href":"https:\/\/www.radiopresidenteibanez.cl\/web\/wp-json\/wp\/v2\/media\/20494"}],"wp:attachment":[{"href":"https:\/\/www.radiopresidenteibanez.cl\/web\/wp-json\/wp\/v2\/media?parent=20564"}],"wp:term":[{"taxonomy":"category","embeddable":true,"href":"https:\/\/www.radiopresidenteibanez.cl\/web\/wp-json\/wp\/v2\/categories?post=20564"},{"taxonomy":"post_tag","embeddable":true,"href":"https:\/\/www.radiopresidenteibanez.cl\/web\/wp-json\/wp\/v2\/tags?post=20564"}],"curies":[{"name":"wp","href":"https:\/\/api.w.org\/{rel}","templated":true}]}}