{"id":20561,"date":"2021-05-08T00:05:30","date_gmt":"2021-05-08T00:05:30","guid":{"rendered":"https:\/\/www.radiopresidenteibanez.cl\/web\/?p=20561"},"modified":"2021-05-08T00:05:35","modified_gmt":"2021-05-08T00:05:35","slug":"epaustral-informa-continuidad-en-sus-operaciones-durante-cuarentenas-en-punta-arenas-puerto-natales-y-porvenir","status":"publish","type":"post","link":"https:\/\/www.radiopresidenteibanez.cl\/web\/epaustral-informa-continuidad-en-sus-operaciones-durante-cuarentenas-en-punta-arenas-puerto-natales-y-porvenir\/","title":{"rendered":"EPAUSTRAL INFORMA CONTINUIDAD EN SUS OPERACIONES DURANTE   CUARENTENAS EN PUNTA ARENAS, PUERTO NATALES Y PORVENIR"},"content":{"rendered":"\n<p>La Empresa Portuaria Austral informa que, conforme al \u201cInstructivo para permisos de desplazamiento\u201d en vigencia desde el 27 de abril, los servicios portuarios califican como \u201cServicios esenciales\u201d. Por ello, los terminales y rampas administrados por la empresa continuar\u00e1n operativos durante la Fase 1 del Plan Paso a Paso que implica el regreso a Cuarentena de las ciudades de Punta Arenas, Puerto Natales y Porvenir a partir de las 5:00 horas de este jueves 6 de mayo.&nbsp;<\/p>\n\n\n\n<p>Lo anterior, implica que el equipo de trabajadores del \u00e1rea administrativa de Epaustral desarrollar\u00e1n sus labores de manera virtual, en tanto el \u00e1rea de operaciones continuar\u00e1 en funciones dado que las instalaciones permanecer\u00e1n abiertas para permitir la continuidad en la entrega de servicios. As\u00ed, tanto terminales como rampas continuar\u00e1n operando, con el fin de asegurar el tr\u00e1fico continuo de carga y abastecimiento hacia la Regi\u00f3n de Magallanes y Ant\u00e1rtica Chilena.&nbsp;<\/p>\n\n\n\n<p>Mientras se extienda la Cuarentena permanecer\u00e1n suspendidas las atenciones presenciales en las oficinas centrales ubicadas en Punta Arenas (Edificio de Administraci\u00f3n), manteni\u00e9ndose \u00fanicamente el sistema de acreditaciones v\u00eda correo (<a href=\"mailto:acreditaciones@epaustral.cl\" target=\"_blank\" rel=\"noreferrer noopener\">acreditaciones@epaustral.cl<\/a>). Para temas relacionados con la Gerencia de Servicios (\u00e1rea Operaciones) el contacto es&nbsp;<a href=\"mailto:mmansilla@epaustral.cl\" target=\"_blank\" rel=\"noreferrer noopener\">mmansilla@epaustral.cl<\/a>&nbsp;y para la Gerencia de Administraci\u00f3n y Finanzas,&nbsp;<a href=\"mailto:ialvarado@epaustral.cl\" target=\"_blank\" rel=\"noreferrer noopener\">ialvarado@epaustral.cl<\/a>. El tel\u00e9fono +569 99187761 permanecer\u00e1 habilitado para consultas generales.&nbsp;<br><\/p>\n","protected":false},"excerpt":{"rendered":"<p>La Empresa Portuaria Austral informa que, conforme al \u201cInstructivo para permisos de desplazamiento\u201d en vigencia desde el 27 de abril, los servicios portuarios califican como \u201cServicios esenciales\u201d. Por ello, los&#8230; <a class=\"read-more\" href=\"https:\/\/www.radiopresidenteibanez.cl\/web\/epaustral-informa-continuidad-en-sus-operaciones-durante-cuarentenas-en-punta-arenas-puerto-natales-y-porvenir\/\">Leer m\u00e1s<\/a><\/p>\n","protected":false},"author":2,"featured_media":20562,"comment_status":"closed","ping_status":"closed","sticky":false,"template":"","format":"standard","meta":{"footnotes":""},"categories":[1],"tags":[],"class_list":["post-20561","post","type-post","status-publish","format-standard","has-post-thumbnail","hentry","category-cronica"],"_links":{"self":[{"href":"https:\/\/www.radiopresidenteibanez.cl\/web\/wp-json\/wp\/v2\/posts\/20561","targetHints":{"allow":["GET"]}}],"collection":[{"href":"https:\/\/www.radiopresidenteibanez.cl\/web\/wp-json\/wp\/v2\/posts"}],"about":[{"href":"https:\/\/www.radiopresidenteibanez.cl\/web\/wp-json\/wp\/v2\/types\/post"}],"author":[{"embeddable":true,"href":"https:\/\/www.radiopresidenteibanez.cl\/web\/wp-json\/wp\/v2\/users\/2"}],"replies":[{"embeddable":true,"href":"https:\/\/www.radiopresidenteibanez.cl\/web\/wp-json\/wp\/v2\/comments?post=20561"}],"version-history":[{"count":0,"href":"https:\/\/www.radiopresidenteibanez.cl\/web\/wp-json\/wp\/v2\/posts\/20561\/revisions"}],"wp:featuredmedia":[{"embeddable":true,"href":"https:\/\/www.radiopresidenteibanez.cl\/web\/wp-json\/wp\/v2\/media\/20562"}],"wp:attachment":[{"href":"https:\/\/www.radiopresidenteibanez.cl\/web\/wp-json\/wp\/v2\/media?parent=20561"}],"wp:term":[{"taxonomy":"category","embeddable":true,"href":"https:\/\/www.radiopresidenteibanez.cl\/web\/wp-json\/wp\/v2\/categories?post=20561"},{"taxonomy":"post_tag","embeddable":true,"href":"https:\/\/www.radiopresidenteibanez.cl\/web\/wp-json\/wp\/v2\/tags?post=20561"}],"curies":[{"name":"wp","href":"https:\/\/api.w.org\/{rel}","templated":true}]}}