{"id":20554,"date":"2021-05-07T03:00:00","date_gmt":"2021-05-07T03:00:00","guid":{"rendered":"https:\/\/www.radiopresidenteibanez.cl\/web\/?p=20554"},"modified":"2021-05-05T18:17:29","modified_gmt":"2021-05-05T18:17:29","slug":"fiscalia-efectuo-charla-a-estudiantes-de-liceo-maria-mazzarello","status":"publish","type":"post","link":"https:\/\/www.radiopresidenteibanez.cl\/web\/fiscalia-efectuo-charla-a-estudiantes-de-liceo-maria-mazzarello\/","title":{"rendered":"FISCAL\u00cdA EFECTU\u00d3 CHARLA A ESTUDIANTES DE LICEO MAR\u00cdA MAZZARELLO"},"content":{"rendered":"\n<p>Alumnas de\ncuarto medio del Liceo &nbsp;Mar\u00eda Mazzarello\nde Puerto Natales, participaron de una interactiva charla realizada por la\nFiscal (s) de la Provincia de \u00daltima Esperanza, Mar\u00eda Loreto D\u00edaz,&nbsp; sobre el Rol de la Fiscal\u00eda y algunos tipos\nde delitos entre ellos los enmarcados en contexto de violencia intrafamiliar &nbsp;y los relacionados con v\u00edctimas o testigos\nni\u00f1os, ni\u00f1as y adolescentes.<\/p>\n\n\n\n<p>El encuentro se enmarc\u00f3 en un&nbsp;\nprograma &nbsp;de actividades de\ncapacitaci\u00f3n y difusi\u00f3n de la labor institucional, el cual tiene\npor fin disipar dudas respecto al sistema de justicia criminal, orientar y\naportar conocimiento a estudiantes, profesionales, t\u00e9cnicos y comunidad en\ngeneral.<\/p>\n","protected":false},"excerpt":{"rendered":"<p>Alumnas de cuarto medio del Liceo &nbsp;Mar\u00eda Mazzarello de Puerto Natales, participaron de una interactiva charla realizada por la Fiscal (s) de la Provincia de \u00daltima Esperanza, Mar\u00eda Loreto D\u00edaz,&nbsp;&#8230; <a class=\"read-more\" href=\"https:\/\/www.radiopresidenteibanez.cl\/web\/fiscalia-efectuo-charla-a-estudiantes-de-liceo-maria-mazzarello\/\">Leer m\u00e1s<\/a><\/p>\n","protected":false},"author":2,"featured_media":20555,"comment_status":"closed","ping_status":"closed","sticky":false,"template":"","format":"standard","meta":{"footnotes":""},"categories":[1],"tags":[],"class_list":["post-20554","post","type-post","status-publish","format-standard","has-post-thumbnail","hentry","category-cronica"],"_links":{"self":[{"href":"https:\/\/www.radiopresidenteibanez.cl\/web\/wp-json\/wp\/v2\/posts\/20554","targetHints":{"allow":["GET"]}}],"collection":[{"href":"https:\/\/www.radiopresidenteibanez.cl\/web\/wp-json\/wp\/v2\/posts"}],"about":[{"href":"https:\/\/www.radiopresidenteibanez.cl\/web\/wp-json\/wp\/v2\/types\/post"}],"author":[{"embeddable":true,"href":"https:\/\/www.radiopresidenteibanez.cl\/web\/wp-json\/wp\/v2\/users\/2"}],"replies":[{"embeddable":true,"href":"https:\/\/www.radiopresidenteibanez.cl\/web\/wp-json\/wp\/v2\/comments?post=20554"}],"version-history":[{"count":0,"href":"https:\/\/www.radiopresidenteibanez.cl\/web\/wp-json\/wp\/v2\/posts\/20554\/revisions"}],"wp:featuredmedia":[{"embeddable":true,"href":"https:\/\/www.radiopresidenteibanez.cl\/web\/wp-json\/wp\/v2\/media\/20555"}],"wp:attachment":[{"href":"https:\/\/www.radiopresidenteibanez.cl\/web\/wp-json\/wp\/v2\/media?parent=20554"}],"wp:term":[{"taxonomy":"category","embeddable":true,"href":"https:\/\/www.radiopresidenteibanez.cl\/web\/wp-json\/wp\/v2\/categories?post=20554"},{"taxonomy":"post_tag","embeddable":true,"href":"https:\/\/www.radiopresidenteibanez.cl\/web\/wp-json\/wp\/v2\/tags?post=20554"}],"curies":[{"name":"wp","href":"https:\/\/api.w.org\/{rel}","templated":true}]}}