{"id":20548,"date":"2021-05-07T02:30:00","date_gmt":"2021-05-07T02:30:00","guid":{"rendered":"https:\/\/www.radiopresidenteibanez.cl\/web\/?p=20548"},"modified":"2021-05-05T18:13:21","modified_gmt":"2021-05-05T18:13:21","slug":"subpesca-celebra-mes-del-mar-con-ciclo-de-charlas-y-embajadores-virtuales-en-colegios","status":"publish","type":"post","link":"https:\/\/www.radiopresidenteibanez.cl\/web\/subpesca-celebra-mes-del-mar-con-ciclo-de-charlas-y-embajadores-virtuales-en-colegios\/","title":{"rendered":"SUBPESCA CELEBRA MES DEL MAR CON CICLO DE CHARLAS Y \u201cEMBAJADORES\u201d VIRTUALES EN COLEGIOS"},"content":{"rendered":"\n<p>La\nSubsecretar\u00eda de Pesca y Acuicultura (Subpesca) prepar\u00f3 una agenda especial de\nactividades con motivo del Mes del Mar. El prop\u00f3sito de la iniciativa\n-\u201cConCiencia de Mar\u201d- es acercar su papel institucional a la ciudadan\u00eda, adem\u00e1s\nde promover la&nbsp; educaci\u00f3n y la cultura\noce\u00e1nica, bajo un enfoque cient\u00edfico de sustentabilidad y conservaci\u00f3n.<\/p>\n\n\n\n<p>Al\nrespecto, la Subsecretaria Alicia Gallardo Lagno afirm\u00f3 que \u201cmediante estas\niniciativas estamos dando nuestros primeros pasos hacia la promoci\u00f3n de\neducaci\u00f3n y cultura oce\u00e1nica. Queremos promover tambi\u00e9n nuestra importante\nlabor como instituci\u00f3n reguladora y administradora de la actividad pesquera y\nacu\u00edcola. El presente y futuro de nuestro mar debe convocar a toda la\nciudadan\u00eda y avanzaremos con mucho compromiso en esto\u201d.<\/p>\n\n\n\n<p>La agenda\ndefinida por la Subsecretar\u00eda considera la realizaci\u00f3n de un ciclo de charlas\nvirtuales dirigidas a todo p\u00fablico, a contar de este viernes 7 de mayo, as\u00ed\ncomo la nominaci\u00f3n de un grupo de \u201cembajadores\u201d Subpesca, cuyo foco de acci\u00f3n\nestar\u00e1 puesto en los colegios.<\/p>\n\n\n\n<p>El ciclo\nde charlas para p\u00fablico general se iniciar\u00e1 a las 12:30 horas de este viernes,\ncuando,&nbsp; v\u00eda zoom, el doctor Renato\nQui\u00f1ones, director del Centro Interdisciplinario para la Investigaci\u00f3n Acu\u00edcola\n(INCAR), desarrolle la exposici\u00f3n \u201cConviviendo con la incertidumbre: papel de\nla ciencia en la administraci\u00f3n sustentable de recursos marinos vivos\u201d. Quienes\nse interesen en participar en el encuentro, pueden ingresar a trav\u00e9s del\nsiguiente enlace (link): https:\/\/bit.ly\/3eRiak3.<\/p>\n\n\n\n<p>\u201cAbrir\nespacios de informaci\u00f3n e interacci\u00f3n entre la ciudadan\u00eda, los cient\u00edficos y\nlos tomadores de decisiones, contribuye al manejo sustentable de la pesca y la\nacuicultura. Una ciudadan\u00eda bien informada es un gran patrimonio para la\nprotecci\u00f3n de los ecosistemas del pa\u00eds\u201d, destac\u00f3 Qui\u00f1ones.<\/p>\n\n\n\n<p>El ciclo\nconsidera el desarrollo de, a lo menos, tres charlas durante mayo, cuyas fechas\nser\u00e1n dadas a conocer oportunamente.<\/p>\n\n\n\n<p>Los\n\u201cembajadores\u201d Subpesca, en tanto, tendr\u00e1n la misi\u00f3n de exponer acerca de\nconservaci\u00f3n y sustentabilidad, ante alumnos de ense\u00f1anza b\u00e1sica de colegios de\ndistintas zonas del pa\u00eds, tambi\u00e9n v\u00eda zoom.<\/p>\n\n\n\n<p>\u201cEl\nfuturo de nuestro mar y sus recursos depende tambi\u00e9n de los ni\u00f1os y ni\u00f1as de\nChile, por ello creemos que es fundamental la educaci\u00f3n que le podamos inculcar\nal respecto a los m\u00e1s peque\u00f1os de nuestro pa\u00eds\u201d, reflexion\u00f3 la Subsecretaria\nGallardo Lagno.<\/p>\n\n\n\n<p>Los\n\u201cembajadores\u201d institucionales&nbsp;\ndesarrollar\u00e1n sus presentaciones frente a ni\u00f1os y ni\u00f1as de entre tercer\ny sexto a\u00f1o de ense\u00f1anza b\u00e1sica.<\/p>\n","protected":false},"excerpt":{"rendered":"<p>La Subsecretar\u00eda de Pesca y Acuicultura (Subpesca) prepar\u00f3 una agenda especial de actividades con motivo del Mes del Mar. El prop\u00f3sito de la iniciativa -\u201cConCiencia de Mar\u201d- es acercar su&#8230; <a class=\"read-more\" href=\"https:\/\/www.radiopresidenteibanez.cl\/web\/subpesca-celebra-mes-del-mar-con-ciclo-de-charlas-y-embajadores-virtuales-en-colegios\/\">Leer m\u00e1s<\/a><\/p>\n","protected":false},"author":2,"featured_media":20549,"comment_status":"closed","ping_status":"closed","sticky":false,"template":"","format":"standard","meta":{"footnotes":""},"categories":[1],"tags":[],"class_list":["post-20548","post","type-post","status-publish","format-standard","has-post-thumbnail","hentry","category-cronica"],"_links":{"self":[{"href":"https:\/\/www.radiopresidenteibanez.cl\/web\/wp-json\/wp\/v2\/posts\/20548","targetHints":{"allow":["GET"]}}],"collection":[{"href":"https:\/\/www.radiopresidenteibanez.cl\/web\/wp-json\/wp\/v2\/posts"}],"about":[{"href":"https:\/\/www.radiopresidenteibanez.cl\/web\/wp-json\/wp\/v2\/types\/post"}],"author":[{"embeddable":true,"href":"https:\/\/www.radiopresidenteibanez.cl\/web\/wp-json\/wp\/v2\/users\/2"}],"replies":[{"embeddable":true,"href":"https:\/\/www.radiopresidenteibanez.cl\/web\/wp-json\/wp\/v2\/comments?post=20548"}],"version-history":[{"count":0,"href":"https:\/\/www.radiopresidenteibanez.cl\/web\/wp-json\/wp\/v2\/posts\/20548\/revisions"}],"wp:featuredmedia":[{"embeddable":true,"href":"https:\/\/www.radiopresidenteibanez.cl\/web\/wp-json\/wp\/v2\/media\/20549"}],"wp:attachment":[{"href":"https:\/\/www.radiopresidenteibanez.cl\/web\/wp-json\/wp\/v2\/media?parent=20548"}],"wp:term":[{"taxonomy":"category","embeddable":true,"href":"https:\/\/www.radiopresidenteibanez.cl\/web\/wp-json\/wp\/v2\/categories?post=20548"},{"taxonomy":"post_tag","embeddable":true,"href":"https:\/\/www.radiopresidenteibanez.cl\/web\/wp-json\/wp\/v2\/tags?post=20548"}],"curies":[{"name":"wp","href":"https:\/\/api.w.org\/{rel}","templated":true}]}}