{"id":2054,"date":"2019-03-09T21:50:33","date_gmt":"2019-03-09T21:50:33","guid":{"rendered":"http:\/\/www.radiopresidenteibanez.cl\/web\/?p=2054"},"modified":"2019-03-09T21:51:00","modified_gmt":"2019-03-09T21:51:00","slug":"bakkavor-chile-s-a-nuevamente-concreta-donacion-a-los-bomberos-de-tierra-del-fuego","status":"publish","type":"post","link":"https:\/\/www.radiopresidenteibanez.cl\/web\/bakkavor-chile-s-a-nuevamente-concreta-donacion-a-los-bomberos-de-tierra-del-fuego\/","title":{"rendered":"BAKKAVOR CHILE S.A, NUEVAMENTE CONCRETA DONACI\u00d3N A LOS BOMBEROS DE TIERRA DEL FUEGO"},"content":{"rendered":"\n<p>Una vez m\u00e1s Bakkavor Chile S.A,\nmantiene su compromiso con Tierra del Fuego, a trav\u00e9s de la entrega de una\ndonaci\u00f3n consistente en 14 pares de botas estructurales, equipamiento que les\npermitir\u00e1 enfrentar de mejor manera y con mayor seguridad las emergencias de\nincendio y rescate.<\/p>\n\n\n\n<p>La entrega de los equipos se\nrealiz\u00f3 el d\u00eda mi\u00e9rcoles 06.03.19 a las 15:30 en las dependencias del Cuartel\nde la Primera Compa\u00f1\u00eda de Bomberos, ubicado en Calle Bernardo Phillipi N\u00b0 080,\nPorvenir. En la ceremonia de entrega de los equipos, participaron por parte de\nla empresa Sra. M\u00f3nica C\u00e1rdenas Castro, Andrea Monge Alarc\u00f3n, Katherine Moreno,\nTatiana Soto, B\u00e1rbara Mancilla, Gabriela Andrade y funcionarios de Bomberos Sr.\nJos\u00e9 Mansilla Apablaza, H\u00e9ctor Aro Vidal, Gloria Oyarz\u00fan, Jos\u00e9 Mansilla, Rub\u00e9n\nMansilla y Sebasti\u00e1n Navarro. &nbsp;<\/p>\n\n\n\n<p>El aporte entregado al Cuartel de Bomberos, beneficia no s\u00f3lo a la Instituci\u00f3n sino tambi\u00e9n a la Comunidad de Porvenir y a la Isla de Tierra del Fuego, expres\u00f3 M\u00f3nica C\u00e1rdenas Castro, Administradora de Planta.\u00a0 <\/p>\n\n\n\n<figure class=\"wp-block-image\"><img loading=\"lazy\" decoding=\"async\" width=\"900\" height=\"506\" src=\"https:\/\/www.radiopresidenteibanez.cl\/web\/wp-content\/uploads\/2019\/03\/2-DSC04404-Bomberos.jpg\" alt=\"\" class=\"wp-image-2055\" srcset=\"https:\/\/www.radiopresidenteibanez.cl\/web\/wp-content\/uploads\/2019\/03\/2-DSC04404-Bomberos.jpg 900w, https:\/\/www.radiopresidenteibanez.cl\/web\/wp-content\/uploads\/2019\/03\/2-DSC04404-Bomberos-300x169.jpg 300w, https:\/\/www.radiopresidenteibanez.cl\/web\/wp-content\/uploads\/2019\/03\/2-DSC04404-Bomberos-768x432.jpg 768w\" sizes=\"auto, (max-width: 900px) 100vw, 900px\" \/><\/figure>\n","protected":false},"excerpt":{"rendered":"<p>Una vez m\u00e1s Bakkavor Chile S.A, mantiene su compromiso con Tierra del Fuego, a trav\u00e9s de la entrega de una donaci\u00f3n consistente en 14 pares de botas estructurales, equipamiento que&#8230; <a class=\"read-more\" href=\"https:\/\/www.radiopresidenteibanez.cl\/web\/bakkavor-chile-s-a-nuevamente-concreta-donacion-a-los-bomberos-de-tierra-del-fuego\/\">Leer m\u00e1s<\/a><\/p>\n","protected":false},"author":2,"featured_media":2055,"comment_status":"closed","ping_status":"closed","sticky":false,"template":"","format":"standard","meta":{"footnotes":""},"categories":[1],"tags":[],"class_list":["post-2054","post","type-post","status-publish","format-standard","has-post-thumbnail","hentry","category-cronica"],"_links":{"self":[{"href":"https:\/\/www.radiopresidenteibanez.cl\/web\/wp-json\/wp\/v2\/posts\/2054","targetHints":{"allow":["GET"]}}],"collection":[{"href":"https:\/\/www.radiopresidenteibanez.cl\/web\/wp-json\/wp\/v2\/posts"}],"about":[{"href":"https:\/\/www.radiopresidenteibanez.cl\/web\/wp-json\/wp\/v2\/types\/post"}],"author":[{"embeddable":true,"href":"https:\/\/www.radiopresidenteibanez.cl\/web\/wp-json\/wp\/v2\/users\/2"}],"replies":[{"embeddable":true,"href":"https:\/\/www.radiopresidenteibanez.cl\/web\/wp-json\/wp\/v2\/comments?post=2054"}],"version-history":[{"count":0,"href":"https:\/\/www.radiopresidenteibanez.cl\/web\/wp-json\/wp\/v2\/posts\/2054\/revisions"}],"wp:featuredmedia":[{"embeddable":true,"href":"https:\/\/www.radiopresidenteibanez.cl\/web\/wp-json\/wp\/v2\/media\/2055"}],"wp:attachment":[{"href":"https:\/\/www.radiopresidenteibanez.cl\/web\/wp-json\/wp\/v2\/media?parent=2054"}],"wp:term":[{"taxonomy":"category","embeddable":true,"href":"https:\/\/www.radiopresidenteibanez.cl\/web\/wp-json\/wp\/v2\/categories?post=2054"},{"taxonomy":"post_tag","embeddable":true,"href":"https:\/\/www.radiopresidenteibanez.cl\/web\/wp-json\/wp\/v2\/tags?post=2054"}],"curies":[{"name":"wp","href":"https:\/\/api.w.org\/{rel}","templated":true}]}}