{"id":20536,"date":"2021-05-06T03:45:00","date_gmt":"2021-05-06T03:45:00","guid":{"rendered":"https:\/\/www.radiopresidenteibanez.cl\/web\/?p=20536"},"modified":"2021-05-05T15:26:39","modified_gmt":"2021-05-05T15:26:39","slug":"magallanes-inicia-vacunacion-contra-covid-19-a-gestantes-con-comorbilidades","status":"publish","type":"post","link":"https:\/\/www.radiopresidenteibanez.cl\/web\/magallanes-inicia-vacunacion-contra-covid-19-a-gestantes-con-comorbilidades\/","title":{"rendered":"MAGALLANES INICIA VACUNACI\u00d3N CONTRA COVID-19 A GESTANTES CON COMORBILIDADES"},"content":{"rendered":"\n<p>El\nSeremi de Salud (s) Eduardo Castillo junto a la Intendenta de Magallanes,\nJenniffer Rojas y la&nbsp; Subdirectora de\nAtenci\u00f3n Primaria del Servicio de Salud Magallanes, Ver\u00f3nica Y\u00e1\u00f1ez\nrealizaron&nbsp; un llamado a las mujeres\ngestantes, con alguna comorbilidad y con m\u00e1s de 16 semanas de edad gestacional,\npara que se acerquen a los puntos de vacunaci\u00f3n y reciban la vacuna contra el\nCOVID-19.<\/p>\n\n\n\n<p>Al\nrespecto, la Autoridad Sanitaria Regional, Eduardo Castillo se\u00f1al\u00f3 que:\n\u201cEstamos iniciando el proceso de vacunaci\u00f3n, para madres gestantes de m\u00e1s de 16\nsemanas y con comorbilidades. Recibir\u00e1n la vacuna Pfizer que tiene estudios\ncl\u00ednicos en gestantes y adem\u00e1s, previo a ello, recibir\u00e1n la consejer\u00eda de\nprofesional de la salud para aclarar cualquier duda que pudiesen tener. Las\nmujeres pueden asistir a los 3 centros de vacunaci\u00f3n, Escuela Patagonia, Liceo\nContardi y Escuela Hernando de Magallanes o su centro de salud m\u00e1s cercano\u201d.<\/p>\n\n\n\n<p>Entre\nesas comorbilidades se cuentan obesidad; s\u00edndrome hipertensivo del embarazo;\ndiabetes pregestacional y gestacional; trombofilias; embarazo m\u00faltiple;\npatolog\u00edas que requieren tratamiento inmunosupresor o enfermedades cardiacas o\npulmonares graves.<\/p>\n\n\n\n<p>\u201cTambi\u00e9n\nen las pr\u00f3ximas semanas vamos a incorporar a aquellas mujeres que su funci\u00f3n\nsignifica un mayor riesgo de contagio, como personal de salud, trabajadores de\nla educaci\u00f3n o quienes realicen trabajos que no permiten el teletrabajo\u201d,\nadelant\u00f3 el Seremi (s) Eduardo Castillo. <\/p>\n\n\n\n<p>Una\nde las mujeres gestantes que recibi\u00f3 la vacuna el d\u00eda de hoy fue Javiera Leiva,\ncon 24 semanas de embarazo. Sobre su decisi\u00f3n de recibir la vacuna dijo que\u201d Me\nquise vacunar porque es importante para m\u00ed y mi beb\u00e9, yo trabajo en un lugar\np\u00fablico y hemos mantenido todas las medidas preventivas, pero uno nunca sabe.\nSi bien la vacuna no inmuniza 100%, esta genera anticuerpos que son traspasados\nal beb\u00e9 a trav\u00e9s de la lactancia. Hago el llamado a todas las mam\u00e1s a\nvacunarse, llevamos una vida dentro nuestro cuerpo que hay que cuidar\u201d. <\/p>\n\n\n\n<p>En\ntanto, la Intendenta Jenniffer Rojas manifest\u00f3 que \u201choy estamos pasando una\nsituaci\u00f3n bastante dif\u00edcil como regi\u00f3n con respecto al aumento de contagios,\npor eso es muy importante que la poblaci\u00f3n m\u00e1s vulnerable se pueda vacunar.\nLlevamos un 56% de segundas dosis y necesitamos llegar los antes posible al 80%\npara poder asegurar esta inmunidad de reba\u00f1o. Hoy estamos vacunando a las\nembarazadas de m\u00e1s de 16 semanas de gestaci\u00f3n; la verdad que estamos\nprotegiendo a aquellas que tienen alg\u00fan tipo de morbilidad y qu\u00e9 mejor lo que\ndijo Javiera, quien dijo que est\u00e1 protegiendo su vida y la de su beb\u00e9. Esto es\nlo que nos est\u00e1 ayudando a seguir con m\u00e1s fuerza en esta campa\u00f1a de vacunaci\u00f3n.\nQuiero invitar a todas las embarazadas con alg\u00fan tipo de morbilidad, a que\npuedan asistir a alg\u00fan recinto de vacunaci\u00f3n y a toda la ciudadan\u00eda, ya que\nestamos vacunando a personas entre 45 y 40 a\u00f1os. <\/p>\n\n\n\n<p>El llamado\nes a que puedan acudir a vacunarse y as\u00ed ayudarnos a combatir la pandemia en\nnuestra regi\u00f3n\u201d, recalc\u00f3. <\/p>\n\n\n\n<p>La\nvacuna del laboratorio Pfizer-BioNTech, con un esquema de dos dosis, ser\u00e1 la\nutilizada en este segmento. El Ministerio de Salud opt\u00f3 por esta vacuna debido\na que existe m\u00e1s informaci\u00f3n que las otras respecto de su seguridad durante el\nembarazo.<\/p>\n\n\n\n<p><strong>Formulario\n<\/strong><\/p>\n\n\n\n<p>Ser\u00e1\nel profesional de la salud tratante de la embarazada, m\u00e9dico,&nbsp; matr\u00f3n\/a o enfermero\/a, quien deber\u00e1 realizar\nuna consejer\u00eda explic\u00e1ndole los riesgos y beneficios de la inoculaci\u00f3n. Para\nrecibir su vacuna, la mujer embarazada deber\u00e1 presentar el Formulario de\nConsejer\u00eda Vacunaci\u00f3n a Embarazadas, que debe ser completado por el profesional\nque le realiz\u00f3 la consejer\u00eda.<\/p>\n\n\n\n<p>Ese\nformulario, disponible en la p\u00e1gina web del Ministerio de Salud, se puede\npresentar digitalmente al momento de su vacunaci\u00f3n y se estima que sean cerca\nde 850 mujeres las que reciban su inoculaci\u00f3n en Magallanes. <\/p>\n","protected":false},"excerpt":{"rendered":"<p>El Seremi de Salud (s) Eduardo Castillo junto a la Intendenta de Magallanes, Jenniffer Rojas y la&nbsp; Subdirectora de Atenci\u00f3n Primaria del Servicio de Salud Magallanes, Ver\u00f3nica Y\u00e1\u00f1ez realizaron&nbsp; un&#8230; <a class=\"read-more\" href=\"https:\/\/www.radiopresidenteibanez.cl\/web\/magallanes-inicia-vacunacion-contra-covid-19-a-gestantes-con-comorbilidades\/\">Leer m\u00e1s<\/a><\/p>\n","protected":false},"author":2,"featured_media":20537,"comment_status":"closed","ping_status":"closed","sticky":false,"template":"","format":"standard","meta":{"footnotes":""},"categories":[1],"tags":[],"class_list":["post-20536","post","type-post","status-publish","format-standard","has-post-thumbnail","hentry","category-cronica"],"_links":{"self":[{"href":"https:\/\/www.radiopresidenteibanez.cl\/web\/wp-json\/wp\/v2\/posts\/20536","targetHints":{"allow":["GET"]}}],"collection":[{"href":"https:\/\/www.radiopresidenteibanez.cl\/web\/wp-json\/wp\/v2\/posts"}],"about":[{"href":"https:\/\/www.radiopresidenteibanez.cl\/web\/wp-json\/wp\/v2\/types\/post"}],"author":[{"embeddable":true,"href":"https:\/\/www.radiopresidenteibanez.cl\/web\/wp-json\/wp\/v2\/users\/2"}],"replies":[{"embeddable":true,"href":"https:\/\/www.radiopresidenteibanez.cl\/web\/wp-json\/wp\/v2\/comments?post=20536"}],"version-history":[{"count":0,"href":"https:\/\/www.radiopresidenteibanez.cl\/web\/wp-json\/wp\/v2\/posts\/20536\/revisions"}],"wp:featuredmedia":[{"embeddable":true,"href":"https:\/\/www.radiopresidenteibanez.cl\/web\/wp-json\/wp\/v2\/media\/20537"}],"wp:attachment":[{"href":"https:\/\/www.radiopresidenteibanez.cl\/web\/wp-json\/wp\/v2\/media?parent=20536"}],"wp:term":[{"taxonomy":"category","embeddable":true,"href":"https:\/\/www.radiopresidenteibanez.cl\/web\/wp-json\/wp\/v2\/categories?post=20536"},{"taxonomy":"post_tag","embeddable":true,"href":"https:\/\/www.radiopresidenteibanez.cl\/web\/wp-json\/wp\/v2\/tags?post=20536"}],"curies":[{"name":"wp","href":"https:\/\/api.w.org\/{rel}","templated":true}]}}