{"id":20533,"date":"2021-05-06T03:30:00","date_gmt":"2021-05-06T03:30:00","guid":{"rendered":"https:\/\/www.radiopresidenteibanez.cl\/web\/?p=20533"},"modified":"2021-05-05T15:23:46","modified_gmt":"2021-05-05T15:23:46","slug":"por-retroceso-a-fase-1-cierran-monumento-natural-cueva-del-milodon-y-reserva-nacional-magallanes","status":"publish","type":"post","link":"https:\/\/www.radiopresidenteibanez.cl\/web\/por-retroceso-a-fase-1-cierran-monumento-natural-cueva-del-milodon-y-reserva-nacional-magallanes\/","title":{"rendered":"POR RETROCESO A FASE 1 CIERRAN MONUMENTO NATURAL CUEVA DEL MILOD\u00d3N Y RESERVA NACIONAL MAGALLANES"},"content":{"rendered":"\n<p>Por el retroceso de las comunas de Punta Arenas y Natales a la Fase 1 del Plan Paso a Paso del Ministerio de Salud, la Corporaci\u00f3n Nacional Forestal (CONAF) en Magallanes, decidi\u00f3 el cierre desde este jueves de la Reserva Nacional Magallanes y el Monumento Natural Cueva del Milod\u00f3n.<\/p>\n\n\n\n<p>Cabe recordar que ambas \u00e1reas silvestres protegidas fueron reabiertas el pasado mes de enero tras permanecer cerradas por casi un a\u00f1o producto de la pandemia del Covid 19.<\/p>\n\n\n\n<p>De esta forma, de las cinco \u00e1reas silvestres protegidas reabiertas por CONAF, s\u00f3lo permanece abierto el Parque Nacional Torres del Paine, ya que la comuna aleda\u00f1a de Torres del Paine se encuentra en fase 3 del Plan Paso a Paso. Sin embargo, el retroceso de Natales y Punta Arenas &nbsp;a cuarentena significa nuevas restricciones para los visitantes que buscan trasladarse hasta el atractivo tur\u00edstico m\u00e1s importante de la regi\u00f3n.<\/p>\n\n\n\n<p>Durante la semana pasada, se cerr\u00f3 al p\u00fablico el Parque Nacional Pali Aike y la Reserva Nacional Laguna Parrillar, principalmente por finalizaci\u00f3n de la temporada estival, la cual se cumple cuando ya las condiciones clim\u00e1ticas y estado de los caminos inciden en las condiciones para acceder al lugar.<\/p>\n\n\n\n<p>Seg\u00fan las cifras que maneja CONAF de ingreso de visitas, desde su reapertura a inicios de este a\u00f1o, la Reserva Nacional Magallanes y el Monumento Natural Cueva del Milod\u00f3n recibieron 7.658 y 10.678 visitas respectivamente.&nbsp;<\/p>\n\n\n\n<p>Durante este cierre, personal guardaparques de CONAF se mantiene operativo realizando labores de vigilancia y mantenci\u00f3n de las unidades.<\/p>\n","protected":false},"excerpt":{"rendered":"<p>Por el retroceso de las comunas de Punta Arenas y Natales a la Fase 1 del Plan Paso a Paso del Ministerio de Salud, la Corporaci\u00f3n Nacional Forestal (CONAF) en&#8230; <a class=\"read-more\" href=\"https:\/\/www.radiopresidenteibanez.cl\/web\/por-retroceso-a-fase-1-cierran-monumento-natural-cueva-del-milodon-y-reserva-nacional-magallanes\/\">Leer m\u00e1s<\/a><\/p>\n","protected":false},"author":2,"featured_media":20534,"comment_status":"closed","ping_status":"closed","sticky":false,"template":"","format":"standard","meta":{"footnotes":""},"categories":[1],"tags":[],"class_list":["post-20533","post","type-post","status-publish","format-standard","has-post-thumbnail","hentry","category-cronica"],"_links":{"self":[{"href":"https:\/\/www.radiopresidenteibanez.cl\/web\/wp-json\/wp\/v2\/posts\/20533","targetHints":{"allow":["GET"]}}],"collection":[{"href":"https:\/\/www.radiopresidenteibanez.cl\/web\/wp-json\/wp\/v2\/posts"}],"about":[{"href":"https:\/\/www.radiopresidenteibanez.cl\/web\/wp-json\/wp\/v2\/types\/post"}],"author":[{"embeddable":true,"href":"https:\/\/www.radiopresidenteibanez.cl\/web\/wp-json\/wp\/v2\/users\/2"}],"replies":[{"embeddable":true,"href":"https:\/\/www.radiopresidenteibanez.cl\/web\/wp-json\/wp\/v2\/comments?post=20533"}],"version-history":[{"count":0,"href":"https:\/\/www.radiopresidenteibanez.cl\/web\/wp-json\/wp\/v2\/posts\/20533\/revisions"}],"wp:featuredmedia":[{"embeddable":true,"href":"https:\/\/www.radiopresidenteibanez.cl\/web\/wp-json\/wp\/v2\/media\/20534"}],"wp:attachment":[{"href":"https:\/\/www.radiopresidenteibanez.cl\/web\/wp-json\/wp\/v2\/media?parent=20533"}],"wp:term":[{"taxonomy":"category","embeddable":true,"href":"https:\/\/www.radiopresidenteibanez.cl\/web\/wp-json\/wp\/v2\/categories?post=20533"},{"taxonomy":"post_tag","embeddable":true,"href":"https:\/\/www.radiopresidenteibanez.cl\/web\/wp-json\/wp\/v2\/tags?post=20533"}],"curies":[{"name":"wp","href":"https:\/\/api.w.org\/{rel}","templated":true}]}}