{"id":20530,"date":"2021-05-06T03:15:00","date_gmt":"2021-05-06T03:15:00","guid":{"rendered":"https:\/\/www.radiopresidenteibanez.cl\/web\/?p=20530"},"modified":"2021-05-05T15:13:29","modified_gmt":"2021-05-05T15:13:29","slug":"intendencias-de-magallanes-aysen-y-los-lagos-acuerdan-mesa-de-trabajo-para-la-creacion-de-rutas-nacionales-para-camioneros-chilenos","status":"publish","type":"post","link":"https:\/\/www.radiopresidenteibanez.cl\/web\/intendencias-de-magallanes-aysen-y-los-lagos-acuerdan-mesa-de-trabajo-para-la-creacion-de-rutas-nacionales-para-camioneros-chilenos\/","title":{"rendered":"INTENDENCIAS DE MAGALLANES, AYS\u00c9N Y LOS LAGOS ACUERDAN MESA DE TRABAJO PARA LA CREACI\u00d3N DE RUTAS NACIONALES PARA CAMIONEROS CHILENOS"},"content":{"rendered":"\n<p>La intendenta regional, <strong>Jenniffer Rojas<\/strong>, en conjunto con sus\npares de Ays\u00e9n, <strong>Margarita Ossa<\/strong>; y de\nLos Lagos, <strong>Carlos Geisse<\/strong>; como\ntambi\u00e9n el seremi de Transportes y Telecomunicaciones, <strong>Marco Mella<\/strong>, mantuvieron una reuni\u00f3n con el motivo de buscar soluciones\npara los camioneros chilenos que transitan por rutas argentinas, donde se han\nmantenido detenidos a causa de conflictos sociales en el Provincia de Neuqu\u00e9n,\nlo que les impide el acceso a la Regi\u00f3n de Magallanes. &nbsp;<\/p>\n\n\n\n<p>En la instancia \u2013 donde se analizaron\nlos distintos escenarios \u2013 se destac\u00f3 el hecho de que ninguna v\u00eda, tanto\nterrestre como mar\u00edtima est\u00e9 descartada y pronto se elaborar\u00e1 una propuesta\ndefinitiva. <\/p>\n\n\n\n<p>En ese sentido, la primera\nautoridad regional, Jenniffer Rojas, manifest\u00f3 que: \u201cEstamos elevando y\ngenerando un diagn\u00f3stico sobre las eventuales rutas, para poder dar soluci\u00f3n al\nconflicto que est\u00e1n viviendo nuestros camioneros. Esto puede implicar rutas\nmarinas y terrestres, para dar una soluci\u00f3n al mediano y largo plazo, pero va a\nsolucionar un tema hist\u00f3rico de los camioneros en cuanto al tr\u00e1nsito de Chile\npor Chile\u201d.<\/p>\n\n\n\n<p>A lo anterior, la intendenta de\nMagallanes se\u00f1al\u00f3 que para que el termine el conflicto social que se vive en\nNeuqu\u00e9n, depende de la voluntad del pa\u00eds trasandino y que \u201cLevantaremos una\nmesa de trabajo entre los seremis de Transporte y de Obras p\u00fablicas de las tres\nregiones involucradas\u201d. <\/p>\n\n\n\n<p><em>Las rutas a evaluar<\/em><\/p>\n\n\n\n<p>Por su parte, el seremi de\nTransportes y Telecomunicaciones, Marco Mella, manifest\u00f3 que \u201cSe analizaron dos\nalternativas de circulaci\u00f3n para los camioneros que vienen hacia Magallanes. La\nprimera partiendo desde Puerto Montt, circulando a trav\u00e9s de la Provincia de\nPalena y comunicando con Argentina a trav\u00e9s del paso Futaleuf\u00fa, desembocando en\nEsquel para retomar la ruta 40\u201d.\n\nEn tanto, Mella se\u00f1al\u00f3 que la segunda\nalternativa: \u201cEs tambi\u00e9n partiendo desde Puerto Montt \u2013 atravesando Chilo\u00e9 \u2013\nluego por Puerto Cisne a trav\u00e9s de Ays\u00e9n y desembocando en el paso fronterizo\nque est\u00e1 cerca de la localidad de Balmaceda que colinda con la Provincia de San\nCruz, para retomar la ruta 40 y llegar nuevamente a Magallanes\u201d.\n\n\n\n<\/p>\n","protected":false},"excerpt":{"rendered":"<p>La intendenta regional, Jenniffer Rojas, en conjunto con sus pares de Ays\u00e9n, Margarita Ossa; y de Los Lagos, Carlos Geisse; como tambi\u00e9n el seremi de Transportes y Telecomunicaciones, Marco Mella,&#8230; <a class=\"read-more\" href=\"https:\/\/www.radiopresidenteibanez.cl\/web\/intendencias-de-magallanes-aysen-y-los-lagos-acuerdan-mesa-de-trabajo-para-la-creacion-de-rutas-nacionales-para-camioneros-chilenos\/\">Leer m\u00e1s<\/a><\/p>\n","protected":false},"author":2,"featured_media":20531,"comment_status":"closed","ping_status":"closed","sticky":false,"template":"","format":"standard","meta":{"footnotes":""},"categories":[1],"tags":[],"class_list":["post-20530","post","type-post","status-publish","format-standard","has-post-thumbnail","hentry","category-cronica"],"_links":{"self":[{"href":"https:\/\/www.radiopresidenteibanez.cl\/web\/wp-json\/wp\/v2\/posts\/20530","targetHints":{"allow":["GET"]}}],"collection":[{"href":"https:\/\/www.radiopresidenteibanez.cl\/web\/wp-json\/wp\/v2\/posts"}],"about":[{"href":"https:\/\/www.radiopresidenteibanez.cl\/web\/wp-json\/wp\/v2\/types\/post"}],"author":[{"embeddable":true,"href":"https:\/\/www.radiopresidenteibanez.cl\/web\/wp-json\/wp\/v2\/users\/2"}],"replies":[{"embeddable":true,"href":"https:\/\/www.radiopresidenteibanez.cl\/web\/wp-json\/wp\/v2\/comments?post=20530"}],"version-history":[{"count":0,"href":"https:\/\/www.radiopresidenteibanez.cl\/web\/wp-json\/wp\/v2\/posts\/20530\/revisions"}],"wp:featuredmedia":[{"embeddable":true,"href":"https:\/\/www.radiopresidenteibanez.cl\/web\/wp-json\/wp\/v2\/media\/20531"}],"wp:attachment":[{"href":"https:\/\/www.radiopresidenteibanez.cl\/web\/wp-json\/wp\/v2\/media?parent=20530"}],"wp:term":[{"taxonomy":"category","embeddable":true,"href":"https:\/\/www.radiopresidenteibanez.cl\/web\/wp-json\/wp\/v2\/categories?post=20530"},{"taxonomy":"post_tag","embeddable":true,"href":"https:\/\/www.radiopresidenteibanez.cl\/web\/wp-json\/wp\/v2\/tags?post=20530"}],"curies":[{"name":"wp","href":"https:\/\/api.w.org\/{rel}","templated":true}]}}