{"id":20528,"date":"2021-05-07T02:00:00","date_gmt":"2021-05-07T02:00:00","guid":{"rendered":"https:\/\/www.radiopresidenteibanez.cl\/web\/?p=20528"},"modified":"2021-05-05T14:52:12","modified_gmt":"2021-05-05T14:52:12","slug":"servel-y-ministerio-de-la-mujer-y-equidad-de-genero-convocan-al-voto-femenino-en-las-proximas-elecciones","status":"publish","type":"post","link":"https:\/\/www.radiopresidenteibanez.cl\/web\/servel-y-ministerio-de-la-mujer-y-equidad-de-genero-convocan-al-voto-femenino-en-las-proximas-elecciones\/","title":{"rendered":"SERVEL Y MINISTERIO DE LA MUJER Y EQUIDAD DE G\u00c9NERO CONVOCAN AL VOTO FEMENINO EN LAS PR\u00d3XIMAS ELECCIONES"},"content":{"rendered":"\n<p>En la oportunidad el Presidente del Consejo Directivo de\nServel, Andr\u00e9s Tagle destac\u00f3 las cifras que siempre ha tenido la participaci\u00f3n\nde la mujer en las elecciones en Chile. En la oportunidad, dio a conocer que\npara el Plebiscito Nacional 2020 votaron 3.977.810 mujeres. Es decir, un 53% de\nlos votos fue emitido por mujeres.<\/p>\n\n\n\n<p>\u201cEl llamado es a que esa buena participaci\u00f3n de la mujer se\nmantenga para esta elecci\u00f3n. Se han tomado todas las medidas sanitarias para\nello, para darle seguridad a los electores, adem\u00e1s, disponemos de dos d\u00edas para\nque ellos concurran, de 8:00 a 18:00 horas y en general recomendamos que el\nelectorado acuda el d\u00eda s\u00e1bado\u201d, afirm\u00f3 Andr\u00e9s Tagle, quien enfatiz\u00f3 la\nimportancia de la participaci\u00f3n de las mujeres que, para estas elecciones de\nConvencionales Constituyentes, Gobernadores Regionales, Alcaldes y Concejales,\nconforman el 51% del padr\u00f3n electoral.<\/p>\n\n\n\n<p>Por su parte la Ministra, M\u00f3nica Zalaquett, se\u00f1al\u00f3 que \u201cLa\ndemocracia requiere de participaci\u00f3n ciudadana y pareciese ser que nosotros las\nmujeres damos esa garant\u00eda. En estas elecciones ojal\u00e1 superemos el m\u00e1ximo\nhist\u00f3rico de votaci\u00f3n femenina. Adem\u00e1s, es importante aumentar la participaci\u00f3n\nde la mujer en la pol\u00edtica, llamamos a los partidos a que la promuevan pues\ntenemos un compromiso con el pa\u00eds\u201d.<\/p>\n\n\n\n<p>Andr\u00e9s Tagle a\u00f1adi\u00f3 que el Servel busca fomentar la\nparticipaci\u00f3n femenina en pol\u00edtica mediante la fiscalizaci\u00f3n del cumplimiento\nde la Ley, que desde 2016 indica que al menos un 10% del total de los aportes\np\u00fablicos entregados a cada partido pol\u00edtico, debe ser utilizado para fomentar\nla participaci\u00f3n pol\u00edtica de las mujeres. En el caso de no cumplir con el\nporcentaje de gasto m\u00ednimo establecido, a las colectividades se le descuenta de\nlos aportes que recibir\u00e1n al a\u00f1o siguiente un monto equivalente a lo faltante\npara cumplir ese m\u00ednimo.<\/p>\n\n\n\n<p>Asimismo, en estas elecciones de Constituyentes se contempla\nla paridad de g\u00e9nero para que sean elegidos igual n\u00famero de candidatos mujeres\ny de hombres en los distritos pares y que la diferencia en los distritos\nimpares no sea m\u00e1s all\u00e1 de uno, para cualquiera de los dos sexos. A su vez,\npara esta elecci\u00f3n de Convencionales Constituyentes la ley ha dispuesto un\nreembolso por voto a las candidatas mujeres superior al de los hombres en 0,01\nUF.<\/p>\n","protected":false},"excerpt":{"rendered":"<p>En la oportunidad el Presidente del Consejo Directivo de Servel, Andr\u00e9s Tagle destac\u00f3 las cifras que siempre ha tenido la participaci\u00f3n de la mujer en las elecciones en Chile. En&#8230; <a class=\"read-more\" href=\"https:\/\/www.radiopresidenteibanez.cl\/web\/servel-y-ministerio-de-la-mujer-y-equidad-de-genero-convocan-al-voto-femenino-en-las-proximas-elecciones\/\">Leer m\u00e1s<\/a><\/p>\n","protected":false},"author":2,"featured_media":20356,"comment_status":"closed","ping_status":"closed","sticky":false,"template":"","format":"standard","meta":{"footnotes":""},"categories":[1],"tags":[],"class_list":["post-20528","post","type-post","status-publish","format-standard","has-post-thumbnail","hentry","category-cronica"],"_links":{"self":[{"href":"https:\/\/www.radiopresidenteibanez.cl\/web\/wp-json\/wp\/v2\/posts\/20528","targetHints":{"allow":["GET"]}}],"collection":[{"href":"https:\/\/www.radiopresidenteibanez.cl\/web\/wp-json\/wp\/v2\/posts"}],"about":[{"href":"https:\/\/www.radiopresidenteibanez.cl\/web\/wp-json\/wp\/v2\/types\/post"}],"author":[{"embeddable":true,"href":"https:\/\/www.radiopresidenteibanez.cl\/web\/wp-json\/wp\/v2\/users\/2"}],"replies":[{"embeddable":true,"href":"https:\/\/www.radiopresidenteibanez.cl\/web\/wp-json\/wp\/v2\/comments?post=20528"}],"version-history":[{"count":0,"href":"https:\/\/www.radiopresidenteibanez.cl\/web\/wp-json\/wp\/v2\/posts\/20528\/revisions"}],"wp:featuredmedia":[{"embeddable":true,"href":"https:\/\/www.radiopresidenteibanez.cl\/web\/wp-json\/wp\/v2\/media\/20356"}],"wp:attachment":[{"href":"https:\/\/www.radiopresidenteibanez.cl\/web\/wp-json\/wp\/v2\/media?parent=20528"}],"wp:term":[{"taxonomy":"category","embeddable":true,"href":"https:\/\/www.radiopresidenteibanez.cl\/web\/wp-json\/wp\/v2\/categories?post=20528"},{"taxonomy":"post_tag","embeddable":true,"href":"https:\/\/www.radiopresidenteibanez.cl\/web\/wp-json\/wp\/v2\/tags?post=20528"}],"curies":[{"name":"wp","href":"https:\/\/api.w.org\/{rel}","templated":true}]}}