{"id":20523,"date":"2021-05-06T02:45:00","date_gmt":"2021-05-06T02:45:00","guid":{"rendered":"https:\/\/www.radiopresidenteibanez.cl\/web\/?p=20523"},"modified":"2021-05-05T14:45:14","modified_gmt":"2021-05-05T14:45:14","slug":"diputada-sandra-amar-busca-endurecer-penas-para-femicidas-a-traves-de-la-ley-elsa","status":"publish","type":"post","link":"https:\/\/www.radiopresidenteibanez.cl\/web\/diputada-sandra-amar-busca-endurecer-penas-para-femicidas-a-traves-de-la-ley-elsa\/","title":{"rendered":"DIPUTADA SANDRA AMAR BUSCA ENDURECER PENAS PARA FEMICIDAS A TRAV\u00c9S DE LA LEY ELSA"},"content":{"rendered":"\n<p>4\nde Mayo justo el d\u00eda en que Elsa Mu\u00f1oz Santana cumplir\u00eda 41 a\u00f1os, quien fuera\nv\u00edctima de femicidio en diciembre del 2020, la Diputada Sandra Amar ingres\u00f3 a tr\u00e1mite\nen la C\u00e1mara de Diputados un proyecto de ley que llevar\u00e1 su nombre, el que\nbusca endurecer las penas para hombres que cometan este tipo de delitos.&nbsp; <\/p>\n\n\n\n<p>Este\nterrible hecho ocurri\u00f3 el 24 de diciembre del a\u00f1o pasado en el sector de\nMiraflores, en Vi\u00f1a del Mar, instancia en que la pareja en ese entonces de Elsa,\nIv\u00e1n Y\u00e1\u00f1ez Sep\u00falveda, acudi\u00f3 al hogar de la v\u00edctima, donde procedi\u00f3 a golpearla\nhasta asesinarla y posteriormente quem\u00f3 el lugar con el cuerpo de la mujer en\nsu interior. Como agravante, el femicida, ya hab\u00eda sido denunciado por\nviolencia intrafamiliar en m\u00e1s de 20 ocasiones por parte de la v\u00edctima e\nincluso ese mismo d\u00eda lo hab\u00eda hecho, solo horas antes de ser asesinada\nbrutalmente.&nbsp; &nbsp;&nbsp;<\/p>\n\n\n\n<p>Al\nrespecto, la parlamentaria enfatiz\u00f3 que \u201choy es un d\u00eda muy especial porque Elsa\nMu\u00f1oz hubiese cumplido 41 a\u00f1itos, si no hubiese sido por esta persona que le\narrebat\u00f3 la vida de forma ego\u00edsta. Por esa raz\u00f3n, deb\u00edamos ingresar hoy a la\nC\u00e1mara de Diputados este proyecto de ley que lleva su nombre, para que se le d\u00e9\nla importancia que requiere y se haga justicia por todas esas mujeres que son\nasesinadas diariamente por sus parejas\u201d.<\/p>\n\n\n\n<p>A\neso Amar a\u00f1adi\u00f3 que \u201cen este caso hay muchas falencias en c\u00f3mo se actu\u00f3, por\nparte de organismos pertinentes, quienes ese mismo d\u00eda hab\u00edan recibido una\ndenuncia por parte de la v\u00edctima, procediendo a detener al femicida, pero solt\u00e1ndolo\nsolo dos horas despu\u00e9s, momento en que \u00e9l se dirigi\u00f3 al hogar de Elsa y cometi\u00f3\neste horroroso hecho. Es impresentable todo lo ocurrido y espero que con este\nproyecto de ley apoyemos a todas esas mujeres que sufren de violencia\nintrafamiliar\u201d. <\/p>\n\n\n\n<p>Por\nsu parte, Helga Neumann, familiar de la v\u00edctima, coment\u00f3 \u201cElsa cumpl\u00eda a\u00f1os los\n4 de mayo, una mujer en los inicios de su vida adulta. Ella fue vulnerada en\ntodos sus derechos, acudi\u00f3 por m\u00e1s de 20 veces a solicitar \u00f3rdenes de\nalejamiento, incluso horas antes de su muerte solicit\u00f3, que sacaran ese\nindividuo de su casa, pero como era noche buena quiz\u00e1s, no estaba el \u00e1nimo ni\nla voluntad, de hacer el trabajo como corresponde. Elsa pidi\u00f3 ayuda, Elsa crey\u00f3\nen las instituciones, \u00bfy qu\u00e9 pas\u00f3? \u00bfQu\u00e9 le digo a su hija? \u00bfC\u00f3mo le quito el\nmiedo a esa ni\u00f1a al saber que en unos a\u00f1os m\u00e1s el asesino de su madre caminar\u00e1\nlibre por las calles? Son muchas las preguntas y pocas las respuestas, con este\nproyecto y de todas las formas que podamos, seguiremos pidiendo JUSTICIA PARA\nELSA, y para todas las que no est\u00e1n, las que fueron v\u00edctimas de esta pandemia\nen la sombra de otra pandemia, es necesaria una pol\u00edtica de estado que busque\nprevenir estos hechos, ya que de otro modo seguiremos perdiendo mujeres. Y\nseguiremos tristemente diciendo no estamos todas\u2026\u201d.<\/p>\n\n\n\n<p>Cabe\nagregar que este proyecto de ley, busca modificar el C\u00f3digo Procesal\nPenal,\ncon un art\u00edculo \u00fanico de dos incisos; el primero que regula los detalles de la\ndetenci\u00f3n in fraganti en caso de mediar en contra del detenido alguna medida\ncautelar, con el fin de dar a la v\u00edctima, de mantenerse con vida, una ventana\nde tiempo para poder recibir el apoyo del \u00f3rgano estatal competente y del\nMinisterio P\u00fablico. <\/p>\n\n\n\n<p>&nbsp;El segundo inciso buscar regular, en delitos\nde alta complejidad, el tiempo de detenci\u00f3n previo a la audiencia de control de\ndetenci\u00f3n, dotando de dos opciones al Ministerio P\u00fablico, la primera de ellas\nes proceder al control de detenci\u00f3n y solicitar la extensi\u00f3n de la detenci\u00f3n,\nla cual ser\u00e1 concedida a criterio del juez y, la segunda, en los casos en que\nse trate de delitos de secuestro, violaci\u00f3n, femicidio y homicidio, el fiscal\npueda, de pleno derecho, extender el tiempo de detenci\u00f3n previo al control de\ndetenci\u00f3n por hasta 72 horas, tomando en consideraci\u00f3n el peligro que corra la\nv\u00edctima -de mantenerse con vida- y su familia, con el fin de preparar su\npresentaci\u00f3n y recabar los antecedentes necesarios en las primeras 72 horas,\nque son fundamentales al momento de solicitar al juez medidas cautelares como lo\npuede ser la prisi\u00f3n preventiva, adem\u00e1s de otorgar el tiempo necesario al\nMinisterio P\u00fablico para que preste la protecci\u00f3n necesaria y pueda asegurar el\nresguardo de la v\u00edctima y su familia. <\/p>\n\n\n\n<p>Con\nrespecto a esto, la Diputada Amar se\u00f1al\u00f3 que \u201cera muy necesario realizar estas\nmodificaciones para entregarles un poco de mayor seguridad a nuestras mujeres\nque est\u00e1n siendo v\u00edctimas de violencia. No digo que con esto no sigan\nocurriendo estos hechos tan lamentables, pero s\u00ed queremos dar un impulso inicial\npara que a trav\u00e9s de la Ley Elsa, se cambie la manera de actuar por parte de\nlos organismos pertinentes. Espero que con esto se mejoren las garant\u00edas para\nla v\u00edctima y con ello tambi\u00e9n las penas, que en la mayor\u00eda de los casos no son\nlo suficiente para generar justicia\u201d.<\/p>\n","protected":false},"excerpt":{"rendered":"<p>4 de Mayo justo el d\u00eda en que Elsa Mu\u00f1oz Santana cumplir\u00eda 41 a\u00f1os, quien fuera v\u00edctima de femicidio en diciembre del 2020, la Diputada Sandra Amar ingres\u00f3 a tr\u00e1mite&#8230; <a class=\"read-more\" href=\"https:\/\/www.radiopresidenteibanez.cl\/web\/diputada-sandra-amar-busca-endurecer-penas-para-femicidas-a-traves-de-la-ley-elsa\/\">Leer m\u00e1s<\/a><\/p>\n","protected":false},"author":2,"featured_media":20524,"comment_status":"closed","ping_status":"closed","sticky":false,"template":"","format":"standard","meta":{"footnotes":""},"categories":[1],"tags":[],"class_list":["post-20523","post","type-post","status-publish","format-standard","has-post-thumbnail","hentry","category-cronica"],"_links":{"self":[{"href":"https:\/\/www.radiopresidenteibanez.cl\/web\/wp-json\/wp\/v2\/posts\/20523","targetHints":{"allow":["GET"]}}],"collection":[{"href":"https:\/\/www.radiopresidenteibanez.cl\/web\/wp-json\/wp\/v2\/posts"}],"about":[{"href":"https:\/\/www.radiopresidenteibanez.cl\/web\/wp-json\/wp\/v2\/types\/post"}],"author":[{"embeddable":true,"href":"https:\/\/www.radiopresidenteibanez.cl\/web\/wp-json\/wp\/v2\/users\/2"}],"replies":[{"embeddable":true,"href":"https:\/\/www.radiopresidenteibanez.cl\/web\/wp-json\/wp\/v2\/comments?post=20523"}],"version-history":[{"count":0,"href":"https:\/\/www.radiopresidenteibanez.cl\/web\/wp-json\/wp\/v2\/posts\/20523\/revisions"}],"wp:featuredmedia":[{"embeddable":true,"href":"https:\/\/www.radiopresidenteibanez.cl\/web\/wp-json\/wp\/v2\/media\/20524"}],"wp:attachment":[{"href":"https:\/\/www.radiopresidenteibanez.cl\/web\/wp-json\/wp\/v2\/media?parent=20523"}],"wp:term":[{"taxonomy":"category","embeddable":true,"href":"https:\/\/www.radiopresidenteibanez.cl\/web\/wp-json\/wp\/v2\/categories?post=20523"},{"taxonomy":"post_tag","embeddable":true,"href":"https:\/\/www.radiopresidenteibanez.cl\/web\/wp-json\/wp\/v2\/tags?post=20523"}],"curies":[{"name":"wp","href":"https:\/\/api.w.org\/{rel}","templated":true}]}}