{"id":20520,"date":"2021-05-06T02:30:00","date_gmt":"2021-05-06T02:30:00","guid":{"rendered":"https:\/\/www.radiopresidenteibanez.cl\/web\/?p=20520"},"modified":"2021-05-05T14:42:33","modified_gmt":"2021-05-05T14:42:33","slug":"prodemu-entrego-kit-de-conectividad-a-20-mujeres-de-porvenir-y-primavera","status":"publish","type":"post","link":"https:\/\/www.radiopresidenteibanez.cl\/web\/prodemu-entrego-kit-de-conectividad-a-20-mujeres-de-porvenir-y-primavera\/","title":{"rendered":"PRODEMU ENTREG\u00d3 KIT DE CONECTIVIDAD  A 20 MUJERES DE PORVENIR Y PRIMAVERA"},"content":{"rendered":"\n<p>PRODEMU, entidad\nperteneciente a la Red de Fundaciones de la Presidencia de la Rep\u00fablica, liderada\npor la Primera Dama, Cecilia Morel, entreg\u00f3 kits de conectividad a 20 mujeres\nde las comunas de Porvenir y Primavera que participaron en la&nbsp;Ruta del\nEmpoderamiento Digital.<\/p>\n\n\n\n<p>El objetivo del\ntaller de Herramientas Digitales para el Emprendimiento fue contribuir al\nproceso de empoderamiento y desarrollo personal, a trav\u00e9s de la adquisici\u00f3n de\nherramientas digitales&nbsp;para usos sociales, econ\u00f3micos y culturales con\nenfoque de g\u00e9nero.<\/p>\n\n\n\n<p>La directora\nregional de PRODEMU, Gabriela S\u00e1nchez Ca\u00f1ete, explic\u00f3 que la Ruta de\nEmpoderamiento digital ha sido un gran aporte desde que se implement\u00f3 el a\u00f1o\npasado en el contexto de Pandemia, y que en el caso de la provincia de Tierra\ndel Fuego fue dirigido a mujeres del campo que no contaban con acceso a\ninternet y que tampoco ten\u00edan conocimientos digitales.<\/p>\n\n\n\n<p>\u201cLas mujeres se\ninteresaron en aprender sobre estas herramientas tecnol\u00f3gicas y a trav\u00e9s de\neste tipo de acciones estamos trabajando en disminuir la brecha digital que\nexiste en la actualidad\u201d, asegur\u00f3 la directora de PRODEMU.<\/p>\n\n\n\n<p>Quienes\nparticiparon del taller recibieron un kit digital, consistente en un&nbsp;smartphone\ncon conexi\u00f3n a internet gratuito por 12 meses, lo que les ayudar\u00e1 a fortalecer\nsu autonom\u00eda en el \u00e1mbito de sus emprendimientos.<\/p>\n","protected":false},"excerpt":{"rendered":"<p>PRODEMU, entidad perteneciente a la Red de Fundaciones de la Presidencia de la Rep\u00fablica, liderada por la Primera Dama, Cecilia Morel, entreg\u00f3 kits de conectividad a 20 mujeres de las&#8230; <a class=\"read-more\" href=\"https:\/\/www.radiopresidenteibanez.cl\/web\/prodemu-entrego-kit-de-conectividad-a-20-mujeres-de-porvenir-y-primavera\/\">Leer m\u00e1s<\/a><\/p>\n","protected":false},"author":2,"featured_media":20521,"comment_status":"closed","ping_status":"closed","sticky":false,"template":"","format":"standard","meta":{"footnotes":""},"categories":[1],"tags":[],"class_list":["post-20520","post","type-post","status-publish","format-standard","has-post-thumbnail","hentry","category-cronica"],"_links":{"self":[{"href":"https:\/\/www.radiopresidenteibanez.cl\/web\/wp-json\/wp\/v2\/posts\/20520","targetHints":{"allow":["GET"]}}],"collection":[{"href":"https:\/\/www.radiopresidenteibanez.cl\/web\/wp-json\/wp\/v2\/posts"}],"about":[{"href":"https:\/\/www.radiopresidenteibanez.cl\/web\/wp-json\/wp\/v2\/types\/post"}],"author":[{"embeddable":true,"href":"https:\/\/www.radiopresidenteibanez.cl\/web\/wp-json\/wp\/v2\/users\/2"}],"replies":[{"embeddable":true,"href":"https:\/\/www.radiopresidenteibanez.cl\/web\/wp-json\/wp\/v2\/comments?post=20520"}],"version-history":[{"count":0,"href":"https:\/\/www.radiopresidenteibanez.cl\/web\/wp-json\/wp\/v2\/posts\/20520\/revisions"}],"wp:featuredmedia":[{"embeddable":true,"href":"https:\/\/www.radiopresidenteibanez.cl\/web\/wp-json\/wp\/v2\/media\/20521"}],"wp:attachment":[{"href":"https:\/\/www.radiopresidenteibanez.cl\/web\/wp-json\/wp\/v2\/media?parent=20520"}],"wp:term":[{"taxonomy":"category","embeddable":true,"href":"https:\/\/www.radiopresidenteibanez.cl\/web\/wp-json\/wp\/v2\/categories?post=20520"},{"taxonomy":"post_tag","embeddable":true,"href":"https:\/\/www.radiopresidenteibanez.cl\/web\/wp-json\/wp\/v2\/tags?post=20520"}],"curies":[{"name":"wp","href":"https:\/\/api.w.org\/{rel}","templated":true}]}}