{"id":20517,"date":"2021-05-06T02:15:00","date_gmt":"2021-05-06T02:15:00","guid":{"rendered":"https:\/\/www.radiopresidenteibanez.cl\/web\/?p=20517"},"modified":"2021-05-05T14:37:58","modified_gmt":"2021-05-05T14:37:58","slug":"chile-sera-anfitrion-de-la-cumbre-de-energias-limpias-que-reune-a-las-principales-economias-del-mundo","status":"publish","type":"post","link":"https:\/\/www.radiopresidenteibanez.cl\/web\/chile-sera-anfitrion-de-la-cumbre-de-energias-limpias-que-reune-a-las-principales-economias-del-mundo\/","title":{"rendered":"CHILE SER\u00c1 ANFITRI\u00d3N DE LA CUMBRE DE ENERG\u00cdAS LIMPIAS QUE RE\u00daNE A LAS PRINCIPALES ECONOM\u00cdAS DEL MUNDO"},"content":{"rendered":"\n<p>Entre el 31 de mayo y el 6 de junio, Chile ser\u00e1 anfitri\u00f3n de la cumbre global de energ\u00edas limpias e innovaci\u00f3n m\u00e1s importante de 2021: la Clean Energy Ministerial (CEM 12) y el Mission Innovation Ministerial (MI-6), convirti\u00e9ndose en el primer pa\u00eds sudamericano en liderar estas reuniones ministeriales.<\/p>\n\n\n\n<p>En esta oportunidad, ambos foros de alto nivel se realizar\u00e1n de forma virtual a trav\u00e9s de una plataforma digital especialmente dise\u00f1ada para la ocasi\u00f3n, que permitir\u00e1 a personas interesadas en todo el mundo acceder desde sus dispositivos m\u00f3viles a charlas, paneles y diversos contenidos bajo la modalidad&nbsp;<em>on demand<\/em>.<\/p>\n\n\n\n<p>Los foros CEM12\/MI-6 tienen entre sus objetivos impulsar la colaboraci\u00f3n entre pa\u00edses y la incorporaci\u00f3n de tecnolog\u00eda e innovaci\u00f3n, as\u00ed como acuerdos y acciones concretas tendientes a acelerar la transformaci\u00f3n hacia el uso de energ\u00edas limpias, aspecto fundamental para cumplir con los compromisos contra el cambio clim\u00e1tico.<\/p>\n\n\n\n<p>\u201cLos pa\u00edses m\u00e1s desarrollados est\u00e1n mirando con buenos ojos toda la gesti\u00f3n que est\u00e1 realizando Chile hoy en materia energ\u00e9tica. Y como anfitriones del evento m\u00e1s importante de energ\u00edas limpias e innovaci\u00f3n, creemos que esta instancia ser\u00e1 muy valiosa para seguir avanzando en una transici\u00f3n energ\u00e9tica ambiciosa, en la que los distintos pa\u00edses podamos compartir buenas pr\u00e1cticas, coordinar acciones concretas que nos permitan ir m\u00e1s r\u00e1pido y ser eficientes para llegar a la carbono neutralidad al 2050.&nbsp; Adem\u00e1s, queremos que este evento, a pesar de ser de alto nivel, tenga el foco puesto en la ciudadan\u00eda. Y para ello estamos trabajando en una plataforma \u00fanica e innovadora, para que todos puedan ser testigos de las grandes discusiones en materia energ\u00e9tica, por el bien del planeta, por quienes hoy lo habitan y por generaciones venideras\u201d afirm\u00f3 el&nbsp;<strong>Biministro de Energ\u00eda y Miner\u00eda, Juan Carlos Jobet<\/strong>.<\/p>\n\n\n\n<p>\u201cLa cumbre Innovating to Net Zero de Mission Innovation contempla el lanzamiento de una ambiciosa segunda fase para la investigaci\u00f3n e innovaci\u00f3n en energ\u00eda limpia. Los pa\u00edses l\u00edderes del mundo est\u00e1n unidos en torno a una visi\u00f3n compartida. Reconocemos que la \u00fanica forma de cambiar a un sistema energ\u00e9tico m\u00e1s limpio y menos contaminante en todo el mundo es acelerando las tecnolog\u00edas de energ\u00eda limpia a trav\u00e9s de la innovaci\u00f3n. Invitamos a todos al lanzamiento de MI 2.0 el 2 de junio\u201d, indic\u00f3&nbsp;<strong>Patrick Child, presidente del Comit\u00e9 Directivo de Mission Innovation (MI)<\/strong>.&nbsp;<\/p>\n\n\n\n<p>Por su parte,&nbsp;<strong>Dan Dorner, jefe de la Secretar\u00eda del Clean Energy Ministerial (CEM<\/strong>), afirm\u00f3 que\u00bb&nbsp;La Clean Energy Ministerial existe para acelerar las transiciones de energ\u00eda limpia en todo el mundo. CEM12 llega en un momento cr\u00edtico para la acci\u00f3n clim\u00e1tica, precedido por el \u00e9xito de la Cumbre Net Zero del Reino Unido-IEA y la Cumbre del Clima de EE. UU. Y en preparaci\u00f3n para la COP26. Con el programa de eventos m\u00e1s grande, completamente digital y abierto que hemos tenido, CEM 12 reunir\u00e1 a nuestra comunidad global de energ\u00eda limpia de gobiernos, empresas y expertos internacionales. Con la reuni\u00f3n ministerial abierta de este a\u00f1o centrada en \u00abAmbici\u00f3n a la acci\u00f3n: convertir un a\u00f1o de ambici\u00f3n en una d\u00e9cada de entrega\u00bb, CEM12 se centrar\u00e1 en c\u00f3mo impulsar tres cambios clave en el panorama de la energ\u00eda limpia: escala, sectores y sociedad. Para apoyar esta mayor ambici\u00f3n, los miembros est\u00e1n trabajando para establecer un rumbo audaz para la pr\u00f3xima fase de la CEM. Esperamos verlos a todos virtualmente en CEM12\u201d.<strong><\/strong><\/p>\n\n\n\n<p><strong>Desaf\u00edos urgentes<\/strong><\/p>\n\n\n\n<p>Las tem\u00e1ticas de esta cumbre girar\u00e1n en torno a los desaf\u00edos sociales, econ\u00f3micos y clim\u00e1ticos tales como la descarbonizaci\u00f3n, electromovilidad, hidr\u00f3geno verde y las innovaciones necesarias para alcanzar la carbono neutralidad.<\/p>\n\n\n\n<p>\u201cNos encontramos en un punto de inflexi\u00f3n, en el que tenemos que asumir las acciones necesarias para empujar la transformaci\u00f3n energ\u00e9tica de cara a lograr un cambio real que permita reducir el calentamiento global antes de que sea demasiado tarde. Esta cumbre busca precisamente lograr acuerdos que permitan adoptar las tecnolog\u00edas e innovaciones necesarias para conseguirlo y es la antesala a lo que ser\u00e1 la COP 26 en unos meses m\u00e1s\u201d, afirm\u00f3 el biministro de Energ\u00eda y Miner\u00eda de Chile, Juan Carlos Jobet.<\/p>\n\n\n\n<p>El evento contar\u00e1 con un amplio men\u00fa de opciones para quienes participen, desde plenarios ministeriales, eventos tem\u00e1ticos y charlas de grandes personalidades. En paralelo funcionar\u00e1 una Feria virtual que contar\u00e1 con 36 stands de empresas e instituciones que est\u00e1n liderando la transformaci\u00f3n energ\u00e9tica.<\/p>\n\n\n\n<p>Entre los l\u00edderes y diversos expertos que tomar\u00e1n parte en esta cumbre CEM 12 \/ MI-6, adem\u00e1s de representantes de diversos gobiernos y la Comisi\u00f3n Europea, destacan el delegado especial para el Medio Ambiente de Estados Unidos, John Kerry; el empresario y ex alcalde de Nueva York, Michael Bloomberg; la presidenta del World Energy Council, Angela Willkinson; los champion por el cambio clim\u00e1tico de la COP 25 y COP 26, Gonzalo Mu\u00f1oz y Niguel Topping, respectivamente; el explorador ambientalista Bertrand Piccard, el presidente del World Economic Forum, B\u00f8rge Brende y la subsecretaria General y Directora Ejecutiva, de la United Nations Environment Programme, Inger Andersen.<\/p>\n\n\n\n<p><strong><em>Las personas interesadas en acceder a las charlas y diversos contenidos de CEM12 \/ MI-6 deben registrarse de forma gratuita en&nbsp;<\/em><\/strong><a href=\"https:\/\/cem12mi6chile.com\/\" target=\"_blank\" rel=\"noreferrer noopener\"><strong><em>cem12mi6chile.com<\/em><\/strong><\/a><\/p>\n\n\n\n<p><strong>Acerca de Mission Innovation (MI)<\/strong><\/p>\n\n\n\n<p>Mission Innovation (MI) es la principal plataforma intergubernamental que trabaja para acelerar la innovaci\u00f3n en energ\u00edas limpias. Est\u00e1 estimulando con \u00e9xito la colaboraci\u00f3n global y ha aumentado las inversiones anuales en casi $5 mil millones desde 2015.<\/p>\n\n\n\n<p><strong>Acerca de Clean Energy Ministerial (CEM)<\/strong><\/p>\n\n\n\n<p>Clean Energy Ministerial (CEM) es un foro global de alto nivel para promover pol\u00edticas y programas que impulsen tecnolog\u00edas de energ\u00edas limpias, compartir lecciones aprendidas y mejores pr\u00e1cticas, y fomentar la transici\u00f3n a una econom\u00eda global de energ\u00eda limpia. Las iniciativas se basan en \u00e1reas de inter\u00e9s com\u00fan entre los gobiernos participantes y otras partes interesadas.<\/p>\n","protected":false},"excerpt":{"rendered":"<p>Entre el 31 de mayo y el 6 de junio, Chile ser\u00e1 anfitri\u00f3n de la cumbre global de energ\u00edas limpias e innovaci\u00f3n m\u00e1s importante de 2021: la Clean Energy Ministerial&#8230; <a class=\"read-more\" href=\"https:\/\/www.radiopresidenteibanez.cl\/web\/chile-sera-anfitrion-de-la-cumbre-de-energias-limpias-que-reune-a-las-principales-economias-del-mundo\/\">Leer m\u00e1s<\/a><\/p>\n","protected":false},"author":2,"featured_media":20518,"comment_status":"closed","ping_status":"closed","sticky":false,"template":"","format":"standard","meta":{"footnotes":""},"categories":[1],"tags":[],"class_list":["post-20517","post","type-post","status-publish","format-standard","has-post-thumbnail","hentry","category-cronica"],"_links":{"self":[{"href":"https:\/\/www.radiopresidenteibanez.cl\/web\/wp-json\/wp\/v2\/posts\/20517","targetHints":{"allow":["GET"]}}],"collection":[{"href":"https:\/\/www.radiopresidenteibanez.cl\/web\/wp-json\/wp\/v2\/posts"}],"about":[{"href":"https:\/\/www.radiopresidenteibanez.cl\/web\/wp-json\/wp\/v2\/types\/post"}],"author":[{"embeddable":true,"href":"https:\/\/www.radiopresidenteibanez.cl\/web\/wp-json\/wp\/v2\/users\/2"}],"replies":[{"embeddable":true,"href":"https:\/\/www.radiopresidenteibanez.cl\/web\/wp-json\/wp\/v2\/comments?post=20517"}],"version-history":[{"count":0,"href":"https:\/\/www.radiopresidenteibanez.cl\/web\/wp-json\/wp\/v2\/posts\/20517\/revisions"}],"wp:featuredmedia":[{"embeddable":true,"href":"https:\/\/www.radiopresidenteibanez.cl\/web\/wp-json\/wp\/v2\/media\/20518"}],"wp:attachment":[{"href":"https:\/\/www.radiopresidenteibanez.cl\/web\/wp-json\/wp\/v2\/media?parent=20517"}],"wp:term":[{"taxonomy":"category","embeddable":true,"href":"https:\/\/www.radiopresidenteibanez.cl\/web\/wp-json\/wp\/v2\/categories?post=20517"},{"taxonomy":"post_tag","embeddable":true,"href":"https:\/\/www.radiopresidenteibanez.cl\/web\/wp-json\/wp\/v2\/tags?post=20517"}],"curies":[{"name":"wp","href":"https:\/\/api.w.org\/{rel}","templated":true}]}}