{"id":20512,"date":"2021-05-05T14:31:43","date_gmt":"2021-05-05T14:31:43","guid":{"rendered":"https:\/\/www.radiopresidenteibanez.cl\/web\/?p=20512"},"modified":"2021-05-05T14:31:49","modified_gmt":"2021-05-05T14:31:49","slug":"gasco-magallanes-mantendra-atencion-presencial-durante-cuarentena","status":"publish","type":"post","link":"https:\/\/www.radiopresidenteibanez.cl\/web\/gasco-magallanes-mantendra-atencion-presencial-durante-cuarentena\/","title":{"rendered":"GASCO MAGALLANES MANTENDR\u00c1 ATENCI\u00d3N PRESENCIAL DURANTE CUARENTENA"},"content":{"rendered":"\n<p>Tanto en las sucursales de Punta Arenas, Puerto Natales y Porvenir, Gasco Magallanes mantendr\u00e1 las atenciones presenciales de sus clientes durante la aplicaci\u00f3n de cuarentenas de Fase 1 dispuesta por la autoridad sanitaria, sin embargo para la atenci\u00f3n ser\u00e1 necesario portar el salvoconducto respectivo.<\/p>\n\n\n\n<p>Por otra lado, desde la empresa hicieron un llamado a sus clientes para preferir los canales remotos de atenci\u00f3n tales como la web&nbsp;<a href=\"http:\/\/www.gascomagallanes.cl\/\" target=\"_blank\" rel=\"noreferrer noopener\">www.gascomagallanes.cl<\/a>, Call Center 61 220 8000, email&nbsp;<a href=\"mailto:callmag@gasco.cl\" target=\"_blank\" rel=\"noreferrer noopener\">callmag@gasco.cl<\/a><\/p>\n\n\n\n<p>Desde la distribuidora tambi\u00e9n se reiter\u00f3 la invitaci\u00f3n a los clientes que tengan dificultades para cancelar sus cuentas a tomar contacto con los ejecutivos de Gasco Magallanes con el prop\u00f3sito de establecer un plan de pagos o de suscribirse en los beneficios de la ley de servicios b\u00e1sicos #covid19.<\/p>\n","protected":false},"excerpt":{"rendered":"<p>Tanto en las sucursales de Punta Arenas, Puerto Natales y Porvenir, Gasco Magallanes mantendr\u00e1 las atenciones presenciales de sus clientes durante la aplicaci\u00f3n de cuarentenas de Fase 1 dispuesta por&#8230; <a class=\"read-more\" href=\"https:\/\/www.radiopresidenteibanez.cl\/web\/gasco-magallanes-mantendra-atencion-presencial-durante-cuarentena\/\">Leer m\u00e1s<\/a><\/p>\n","protected":false},"author":2,"featured_media":18994,"comment_status":"closed","ping_status":"closed","sticky":false,"template":"","format":"standard","meta":{"footnotes":""},"categories":[1],"tags":[],"class_list":["post-20512","post","type-post","status-publish","format-standard","has-post-thumbnail","hentry","category-cronica"],"_links":{"self":[{"href":"https:\/\/www.radiopresidenteibanez.cl\/web\/wp-json\/wp\/v2\/posts\/20512","targetHints":{"allow":["GET"]}}],"collection":[{"href":"https:\/\/www.radiopresidenteibanez.cl\/web\/wp-json\/wp\/v2\/posts"}],"about":[{"href":"https:\/\/www.radiopresidenteibanez.cl\/web\/wp-json\/wp\/v2\/types\/post"}],"author":[{"embeddable":true,"href":"https:\/\/www.radiopresidenteibanez.cl\/web\/wp-json\/wp\/v2\/users\/2"}],"replies":[{"embeddable":true,"href":"https:\/\/www.radiopresidenteibanez.cl\/web\/wp-json\/wp\/v2\/comments?post=20512"}],"version-history":[{"count":0,"href":"https:\/\/www.radiopresidenteibanez.cl\/web\/wp-json\/wp\/v2\/posts\/20512\/revisions"}],"wp:featuredmedia":[{"embeddable":true,"href":"https:\/\/www.radiopresidenteibanez.cl\/web\/wp-json\/wp\/v2\/media\/18994"}],"wp:attachment":[{"href":"https:\/\/www.radiopresidenteibanez.cl\/web\/wp-json\/wp\/v2\/media?parent=20512"}],"wp:term":[{"taxonomy":"category","embeddable":true,"href":"https:\/\/www.radiopresidenteibanez.cl\/web\/wp-json\/wp\/v2\/categories?post=20512"},{"taxonomy":"post_tag","embeddable":true,"href":"https:\/\/www.radiopresidenteibanez.cl\/web\/wp-json\/wp\/v2\/tags?post=20512"}],"curies":[{"name":"wp","href":"https:\/\/api.w.org\/{rel}","templated":true}]}}