{"id":2051,"date":"2019-03-09T21:46:29","date_gmt":"2019-03-09T21:46:29","guid":{"rendered":"http:\/\/www.radiopresidenteibanez.cl\/web\/?p=2051"},"modified":"2019-03-09T21:47:02","modified_gmt":"2019-03-09T21:47:02","slug":"mil-500-personas-llegaron-a-la-penultima-feria-saludable-municipal","status":"publish","type":"post","link":"https:\/\/www.radiopresidenteibanez.cl\/web\/mil-500-personas-llegaron-a-la-penultima-feria-saludable-municipal\/","title":{"rendered":"MIL 500 PERSONAS LLEGARON A LA PEN\u00daLTIMA FERIA SALUDABLE MUNICIPAL"},"content":{"rendered":"\n<p>Hasta hoy se han desarrollado 7 Ferias Saludables de Frutas, Verduras y Plantas Regionales, las que han resultado todo un \u00e9xito, convocando a cerca de 12 mil personas aproximadamente, las que han podido adquirir productos de horticultores locales reunidos en 30 stands, todo esto organizado por la Municipalidad de Punta Arenas.<\/p>\n\n\n\n<p>En esta ocasi\u00f3n, la Escuela Portugal fue el escenario para recibir la pen\u00faltima Feria Saludable, la que congreg\u00f3 a mil 500 personas, quienes desde las 10 horas repletaron el recinto.<\/p>\n\n\n\n<p>\u201cHa sido una jornada exitosa, en la que hemos podido compartir y disfrutar de lo mejor de nuestro. Cada vez, tenemos m\u00e1s p\u00fablico en nuestras Ferias, las que han sido apreciadas y valorada por la comunidad\u201d, explic\u00f3 el alcalde Claudio Radonich.<\/p>\n\n\n\n<p>En esta ocasi\u00f3n, Karen Parada y Mirta N\u00fa\u00f1ez, fueron los ganadores de las canastas de productos que regalan los participantes de las Ferias, quienes agradecieron la iniciativa municipal.<\/p>\n\n\n\n<p>Finalmente, Radonich reiter\u00f3 la invitaci\u00f3n para el 23 de marzo, fecha en la cual se realizar\u00e1 una la \u00faltima Feria, esta vez en el Instituto Superior de Comercio ubicado en calle Magallanes 847 a partir de las 10 horas.<br><\/p>\n","protected":false},"excerpt":{"rendered":"<p>Hasta hoy se han desarrollado 7 Ferias Saludables de Frutas, Verduras y Plantas Regionales, las que han resultado todo un \u00e9xito, convocando a cerca de 12 mil personas aproximadamente, las&#8230; <a class=\"read-more\" href=\"https:\/\/www.radiopresidenteibanez.cl\/web\/mil-500-personas-llegaron-a-la-penultima-feria-saludable-municipal\/\">Leer m\u00e1s<\/a><\/p>\n","protected":false},"author":2,"featured_media":2052,"comment_status":"closed","ping_status":"closed","sticky":false,"template":"","format":"standard","meta":{"footnotes":""},"categories":[1],"tags":[],"class_list":["post-2051","post","type-post","status-publish","format-standard","has-post-thumbnail","hentry","category-cronica"],"_links":{"self":[{"href":"https:\/\/www.radiopresidenteibanez.cl\/web\/wp-json\/wp\/v2\/posts\/2051","targetHints":{"allow":["GET"]}}],"collection":[{"href":"https:\/\/www.radiopresidenteibanez.cl\/web\/wp-json\/wp\/v2\/posts"}],"about":[{"href":"https:\/\/www.radiopresidenteibanez.cl\/web\/wp-json\/wp\/v2\/types\/post"}],"author":[{"embeddable":true,"href":"https:\/\/www.radiopresidenteibanez.cl\/web\/wp-json\/wp\/v2\/users\/2"}],"replies":[{"embeddable":true,"href":"https:\/\/www.radiopresidenteibanez.cl\/web\/wp-json\/wp\/v2\/comments?post=2051"}],"version-history":[{"count":0,"href":"https:\/\/www.radiopresidenteibanez.cl\/web\/wp-json\/wp\/v2\/posts\/2051\/revisions"}],"wp:featuredmedia":[{"embeddable":true,"href":"https:\/\/www.radiopresidenteibanez.cl\/web\/wp-json\/wp\/v2\/media\/2052"}],"wp:attachment":[{"href":"https:\/\/www.radiopresidenteibanez.cl\/web\/wp-json\/wp\/v2\/media?parent=2051"}],"wp:term":[{"taxonomy":"category","embeddable":true,"href":"https:\/\/www.radiopresidenteibanez.cl\/web\/wp-json\/wp\/v2\/categories?post=2051"},{"taxonomy":"post_tag","embeddable":true,"href":"https:\/\/www.radiopresidenteibanez.cl\/web\/wp-json\/wp\/v2\/tags?post=2051"}],"curies":[{"name":"wp","href":"https:\/\/api.w.org\/{rel}","templated":true}]}}