{"id":20507,"date":"2021-05-05T03:45:00","date_gmt":"2021-05-05T03:45:00","guid":{"rendered":"https:\/\/www.radiopresidenteibanez.cl\/web\/?p=20507"},"modified":"2021-05-04T18:20:46","modified_gmt":"2021-05-04T18:20:46","slug":"minvu-invita-a-municipios-para-postular-al-programa-de-espacios-publicos-2","status":"publish","type":"post","link":"https:\/\/www.radiopresidenteibanez.cl\/web\/minvu-invita-a-municipios-para-postular-al-programa-de-espacios-publicos-2\/","title":{"rendered":"MINVU INVITA A MUNICIPIOS PARA POSTULAR AL PROGRAMA DE ESPACIOS P\u00daBLICOS"},"content":{"rendered":"\n<p>El Ministerio de Vivienda y Urbanismo public\u00f3 ayer la convocatoria a los llamados &#8211; tanto regular como especial &#8211; para postulaci\u00f3n y selecci\u00f3n al Programa de Espacios P\u00fablicos estimado para el per\u00edodo presupuestario&nbsp;2021-2022.<\/p>\n\n\n\n<p>Seg\u00fan inform\u00f3 el seremi del ramo, Jos\u00e9 Miguel Horcos, \u201cSe trata de un llamado que realizamos cada a\u00f1o para que los municipios postulen proyectos de espacios p\u00fablicos, dentro de las pol\u00edticas urbanas del Ministerio de Vivienda y Urbanismo, liderado por nuestro Ministro Felipe Ward, incluyendo un llamado especial, de menor escala, para la puesta en valor de espacios residuales, o intervenir lugares que se quieran potenciar en t\u00e9rminos de ciudad\u201d.<\/p>\n\n\n\n<p>El financiamiento se har\u00e1 a trav\u00e9s del MINVU, involucrando, en el caso del llamado regular, un monto m\u00e1ximo de 880 millones de pesos para su ejecuci\u00f3n o dise\u00f1o, y para el llamado especial, m\u00e1s de 176 millones de pesos.<\/p>\n\n\n\n<p>Al respecto, la autoridad destac\u00f3 que \u201cCon estos llamados generamos un amplio abanico para que los Municipios puedan desarrollar etapas de ejecuci\u00f3n o dise\u00f1o que tengan en carpeta, pudiendo tener continuidad en el uso de los recursos anualmente, y si faltara financiamiento, se gestiona por la v\u00eda sectorial, tal como se hizo en el caso de la Plaza de San Gregorio, donde adem\u00e1s concurrieron aportes municipales y FNDR.\u201d<\/p>\n\n\n\n<p>Los proyectos postulados por las Municipalidades deber\u00e1n cumplir con los requisitos establecidos por el \u201cProcedimiento para la Aplicaci\u00f3n Pr\u00e1ctica del Programa de Espacios P\u00fablicos\u201d, pudiendo presentar iniciativas que impliquen, adem\u00e1s de la construcci\u00f3n de nuevos espacios p\u00fablicos, el mejoramiento del espacio existente, la reposici\u00f3n de un espacio deteriorado o en estado de abandono, o la restauraci\u00f3n de lugares respetando su condici\u00f3n original.<\/p>\n\n\n\n<p><strong>Llamado Especial<\/strong><\/p>\n\n\n\n<p>Por otra parte, para el Llamado Especial, definido como iniciativas de Conservaci\u00f3n de Infraestructura P\u00fablica, el Programa contempla aportespara potenciarla utilizaci\u00f3n de espacios que necesita la ciudadan\u00eda para su desarrollo urbano, fortalecer conexiones entre zonas de mayor actividad, activar polos de atracci\u00f3n o potenciar el desarrollo de sitios o edificios desocupados. En este sentido, a cada Municipio se le enviar\u00e1 el Manual de Procedimiento, Metodolog\u00eda de Espacios P\u00fablicos y La Dimensi\u00f3n Humana en el Espacio P\u00fablico, Minvu-Gehl.<\/p>\n\n\n\n<p>Debido a la contingencia nacional producto de la pandemia, la modalidad de entrega de los expedientes, con todos los antecedentes solicitados para concursar, ser\u00e1 de manera digital a trav\u00e9s del correo electr\u00f3nico del Encargado del Programa de Espacios P\u00fablicos de la SEREMI, mediante los Directores de la Secretar\u00eda Comunal de Planificaci\u00f3n de los Municipios de la Regi\u00f3n de Magallanes y Ant\u00e1rtica Chilena. Toda vez la contingencia lo permita, los antecedentes deber\u00e1n ser ingresados mediante Oficina de Partes.<\/p>\n","protected":false},"excerpt":{"rendered":"<p>El Ministerio de Vivienda y Urbanismo public\u00f3 ayer la convocatoria a los llamados &#8211; tanto regular como especial &#8211; para postulaci\u00f3n y selecci\u00f3n al Programa de Espacios P\u00fablicos estimado para&#8230; <a class=\"read-more\" href=\"https:\/\/www.radiopresidenteibanez.cl\/web\/minvu-invita-a-municipios-para-postular-al-programa-de-espacios-publicos-2\/\">Leer m\u00e1s<\/a><\/p>\n","protected":false},"author":2,"featured_media":20508,"comment_status":"closed","ping_status":"closed","sticky":false,"template":"","format":"standard","meta":{"footnotes":""},"categories":[1],"tags":[],"class_list":["post-20507","post","type-post","status-publish","format-standard","has-post-thumbnail","hentry","category-cronica"],"_links":{"self":[{"href":"https:\/\/www.radiopresidenteibanez.cl\/web\/wp-json\/wp\/v2\/posts\/20507","targetHints":{"allow":["GET"]}}],"collection":[{"href":"https:\/\/www.radiopresidenteibanez.cl\/web\/wp-json\/wp\/v2\/posts"}],"about":[{"href":"https:\/\/www.radiopresidenteibanez.cl\/web\/wp-json\/wp\/v2\/types\/post"}],"author":[{"embeddable":true,"href":"https:\/\/www.radiopresidenteibanez.cl\/web\/wp-json\/wp\/v2\/users\/2"}],"replies":[{"embeddable":true,"href":"https:\/\/www.radiopresidenteibanez.cl\/web\/wp-json\/wp\/v2\/comments?post=20507"}],"version-history":[{"count":0,"href":"https:\/\/www.radiopresidenteibanez.cl\/web\/wp-json\/wp\/v2\/posts\/20507\/revisions"}],"wp:featuredmedia":[{"embeddable":true,"href":"https:\/\/www.radiopresidenteibanez.cl\/web\/wp-json\/wp\/v2\/media\/20508"}],"wp:attachment":[{"href":"https:\/\/www.radiopresidenteibanez.cl\/web\/wp-json\/wp\/v2\/media?parent=20507"}],"wp:term":[{"taxonomy":"category","embeddable":true,"href":"https:\/\/www.radiopresidenteibanez.cl\/web\/wp-json\/wp\/v2\/categories?post=20507"},{"taxonomy":"post_tag","embeddable":true,"href":"https:\/\/www.radiopresidenteibanez.cl\/web\/wp-json\/wp\/v2\/tags?post=20507"}],"curies":[{"name":"wp","href":"https:\/\/api.w.org\/{rel}","templated":true}]}}