{"id":20504,"date":"2021-05-05T03:30:00","date_gmt":"2021-05-05T03:30:00","guid":{"rendered":"https:\/\/www.radiopresidenteibanez.cl\/web\/?p=20504"},"modified":"2021-05-04T18:17:59","modified_gmt":"2021-05-04T18:17:59","slug":"seremia-de-la-mujer-sernameg-y-cchc-buscan-insercion-laboral-de-mujeres-en-sector-construccion","status":"publish","type":"post","link":"https:\/\/www.radiopresidenteibanez.cl\/web\/seremia-de-la-mujer-sernameg-y-cchc-buscan-insercion-laboral-de-mujeres-en-sector-construccion\/","title":{"rendered":"SEREM\u00cdA DE LA MUJER, SERNAMEG Y CCHC BUSCAN INSERCI\u00d3N LABORAL DE MUJERES EN SECTOR CONSTRUCCI\u00d3N"},"content":{"rendered":"\n<p>Con el objetivo de impulsar la inserci\u00f3n laboral de las\nmujeres en el sector de la construcci\u00f3n La Seremia de la Mujer y la Equidad de\nG\u00e9nero Magallanes, Sernameg Magallanes y la C\u00e1mara Chilena de la Construcci\u00f3n\nfirman convenio de colaboraci\u00f3n, el que busca incorporar la perspectiva de\ng\u00e9nero en forma paulatina en las empresas socias de la CChC en la Regi\u00f3n de\nMagallanes y la Ant\u00e1rtica Chilena. <\/p>\n\n\n\n<p>El convenio lleva las firmas de la Seremi de la Mujer y la\nEquidad de G\u00e9nero de Magallanes, Daisy Carrera Ocaranza; la Directora Regional\ndel Servicio Nacional de la Mujer y Equidad de G\u00e9nero Magallanes, SernamEG,\nFabiola Garc\u00eda Pinto; el Gerente General, Carlos C\u00e1rdena Guajardo; y el\npresidente de la Mesa Directiva Carlos Braun Elgart, ambos de la C\u00e1mara\nRegional Punta Arenas de la C\u00e1mara Chilena de la Construcci\u00f3n. <\/p>\n\n\n\n<p>La Seremia de la Mujer se compromete a prestar asesor\u00eda\nt\u00e9cnica en temas relacionados con la Igualdad de Derechos y la Equidad de\nG\u00e9nero a las empresas socias de la CChC, a trav\u00e9s de charlas y reuniones para\nsus equipos de recursos humanos y otros Departamentos de Planificaci\u00f3n y Gesti\u00f3n\nde Personas seg\u00fan se requiera, mientras que el SernamEG difundir\u00e1 la oferta\nprogram\u00e1tica del Servicio Nacional de la Mujer y la Equidad de G\u00e9nero, en forma\nperi\u00f3dica y paulatina a las empresas asociadas de la CChC, promoviendo a trav\u00e9s\nde capacitaci\u00f3n la implementaci\u00f3n de la Norma Chilena 3262: \u201cIgualdad de G\u00e9nero\ny Conciliaci\u00f3n de la Vida Laboral, Familiar y Personal\u201d.&nbsp; Tambi\u00e9n realizar\u00e1 Talleres, Conversatorios,\nCharlas y\/o Jornadas de Sensibilizaci\u00f3n en forma paulatina con el prop\u00f3sito de\npromover la autonom\u00eda de la mujer en sus diversas \u00e1reas (f\u00edsica, econ\u00f3mica y de\ntoma de decisiones) en materia de Violencia Contra las Mujeres (VCM), Buenas\nPr\u00e1cticas Laborales con Equidad de G\u00e9nero y Participaci\u00f3n Social y\nPol\u00edtica.&nbsp;&nbsp; <\/p>\n\n\n\n<p>Por su parte la C\u00e1mara Chilena de la Construcci\u00f3n se\ncompromete a informar e impulsar a las empresas socias de la Regi\u00f3n de\nMagallanes y la Ant\u00e1rtica Chilena, para que \u00e9stas incluyan la perspectiva de\ng\u00e9nero en sus procedimientos internos y favorezcan la inserci\u00f3n laboral de las\nmujeres de la regi\u00f3n;&nbsp; favorecer la\ninserci\u00f3n laboral de las mujeres a trav\u00e9s de la difusi\u00f3n de las ofertas que se\npresenten en las empresas asociadas, con procesos de selecci\u00f3n inclusivos y sin\ndiscriminaci\u00f3n; y recepcionar las demandas de trabajo de las mujeres participantes\nde los Programas de la Direcci\u00f3n Regional de SernamEG. <\/p>\n\n\n\n<p>Este acuerdo se enmarca en lo establecido por la Mesa\nT\u00e9cnica de Trabajo \u201cMujer y Construcci\u00f3n\u201d entre la Subsecretar\u00eda de la Mujer y\nla Equidad de G\u00e9nero y la C\u00e1mara Chilena de la Construcci\u00f3n (CChC) a nivel\nnacional. <\/p>\n\n\n\n<p>La iniciativa se genera a partir del Plan de Reactivaci\u00f3n\nEcon\u00f3mica elaborado por la CCHC, que proyecta la creaci\u00f3n de 600 mil puestos de\ntrabajo con una inversi\u00f3n de 22 mil millones de pesos en todo Chile, y en cuyos\nejes principales se encuentra su implementaci\u00f3n con enfoque de g\u00e9nero.\nConstrucci\u00f3n es uno de los rubros con menor presencia femenina alcanzando solo\nun 7%. <\/p>\n\n\n\n<p>La Seremi de la Mujer y la Equidad de G\u00e9nero Daisy Carrera\nOcaranza dijo que \u201cEste convenio permitir\u00e1 que las mujeres de nuestra regi\u00f3n,\ntengan la oportunidad de insertarse y desarrollarse en el \u00e1rea de la\nconstrucci\u00f3n, con las mismas condiciones que sus compa\u00f1eros de trabajo hombres,\nrespondiendo as\u00ed a uno de nuestros ejes de la Agenda Mujer, el cual busca\nfortalecer el rol de mujeres en todos los espacios, contribuyendo as\u00ed al cambio\ncultural que necesitamos de seguir impulsando cambios en la sociedad y poder\nromper con los estereotipos de g\u00e9nero, ya que las mujeres podemos desempe\u00f1ar\ncualquier tipo de trabajo\u201d. <\/p>\n\n\n\n<p>En tanto la Directora Regional del SernamEG Fabiola Garc\u00eda\nPinto se\u00f1al\u00f3 que \u201cPara SernamEG es tremendamente significativo este convenio\npor la importancia que tiene el derribar mitos y estereotipos respecto al rubro\nde la construcci\u00f3n, generalmente masculinizado. La divisi\u00f3n sexual del trabajo\nimplic\u00f3 que mujeres contin\u00faen efectuando fuera de su hogar labores del \u00e1rea\nproductiva y reproductiva, las cuales son menos valoradas en el mercado, lo que\nproduce la consiguiente brecha salarial.&nbsp;\nPor lo tanto, el capacitar e insertar a trabajadoras en este sector es\nuna medida efectiva y potente en el marco de la actual reactivaci\u00f3n econ\u00f3mica y\nel alza en el empleo que viene de la mano con la construcci\u00f3n.\u201d <\/p>\n\n\n\n<p>Por su parte, el presidente de la C\u00e1mara Chilena de la\nConstrucci\u00f3n Carlos Braun Elgart dijo que \u201cEste convenio que hoy firmamos est\u00e1\nacorde con el compromiso que tenemos como C\u00e1mara de integrar m\u00e1s a las mujeres\nen todas las l\u00edneas de acci\u00f3n, ya sea a nivel gremio o nivel obras\u201d. <\/p>\n\n\n\n<p>En tanto Pamela Le\u00f3n, L\u00edder del Grupo de Trabajo Mujeres de\nla delegaci\u00f3n de la C\u00e1mara en Punta Arenas dijo que esto significar\u00e1 apoyar a\nlas entidades gubernamentales en todas las acciones que emprendan en beneficio\nde la incorporaci\u00f3n de mujeres en el rubro Construcci\u00f3n.&nbsp; Agreg\u00f3 que \u201ceste grupo de trabajo cuenta con\ntres l\u00edneas de acci\u00f3n: Liderazgo, mujer en C\u00e1mara y mujer en obras; y se\ntrabajar\u00e1 en conjunto con actividades de capacitaci\u00f3n y apoyo a mujeres que se desempe\u00f1en\nen el sector\u201d\u201d. <\/p>\n\n\n\n<p>De esta manera se le dar\u00e1 continuidad al trabajo que se ha\nvenido desarrollando para la inserci\u00f3n laboral de las mujeres en este rubro,\nincorporando la perspectiva de g\u00e9nero, transform\u00e1ndose en una medida m\u00e1s para\npaliar los efectos de la pandemia que afecta al pa\u00eds.<\/p>\n","protected":false},"excerpt":{"rendered":"<p>Con el objetivo de impulsar la inserci\u00f3n laboral de las mujeres en el sector de la construcci\u00f3n La Seremia de la Mujer y la Equidad de G\u00e9nero Magallanes, Sernameg Magallanes&#8230; <a class=\"read-more\" href=\"https:\/\/www.radiopresidenteibanez.cl\/web\/seremia-de-la-mujer-sernameg-y-cchc-buscan-insercion-laboral-de-mujeres-en-sector-construccion\/\">Leer m\u00e1s<\/a><\/p>\n","protected":false},"author":2,"featured_media":20505,"comment_status":"closed","ping_status":"closed","sticky":false,"template":"","format":"standard","meta":{"footnotes":""},"categories":[1],"tags":[],"class_list":["post-20504","post","type-post","status-publish","format-standard","has-post-thumbnail","hentry","category-cronica"],"_links":{"self":[{"href":"https:\/\/www.radiopresidenteibanez.cl\/web\/wp-json\/wp\/v2\/posts\/20504","targetHints":{"allow":["GET"]}}],"collection":[{"href":"https:\/\/www.radiopresidenteibanez.cl\/web\/wp-json\/wp\/v2\/posts"}],"about":[{"href":"https:\/\/www.radiopresidenteibanez.cl\/web\/wp-json\/wp\/v2\/types\/post"}],"author":[{"embeddable":true,"href":"https:\/\/www.radiopresidenteibanez.cl\/web\/wp-json\/wp\/v2\/users\/2"}],"replies":[{"embeddable":true,"href":"https:\/\/www.radiopresidenteibanez.cl\/web\/wp-json\/wp\/v2\/comments?post=20504"}],"version-history":[{"count":0,"href":"https:\/\/www.radiopresidenteibanez.cl\/web\/wp-json\/wp\/v2\/posts\/20504\/revisions"}],"wp:featuredmedia":[{"embeddable":true,"href":"https:\/\/www.radiopresidenteibanez.cl\/web\/wp-json\/wp\/v2\/media\/20505"}],"wp:attachment":[{"href":"https:\/\/www.radiopresidenteibanez.cl\/web\/wp-json\/wp\/v2\/media?parent=20504"}],"wp:term":[{"taxonomy":"category","embeddable":true,"href":"https:\/\/www.radiopresidenteibanez.cl\/web\/wp-json\/wp\/v2\/categories?post=20504"},{"taxonomy":"post_tag","embeddable":true,"href":"https:\/\/www.radiopresidenteibanez.cl\/web\/wp-json\/wp\/v2\/tags?post=20504"}],"curies":[{"name":"wp","href":"https:\/\/api.w.org\/{rel}","templated":true}]}}