{"id":20501,"date":"2021-05-05T03:15:00","date_gmt":"2021-05-05T03:15:00","guid":{"rendered":"https:\/\/www.radiopresidenteibanez.cl\/web\/?p=20501"},"modified":"2021-05-04T18:12:22","modified_gmt":"2021-05-04T18:12:22","slug":"22-familias-de-puerto-williams-avanzan-hacia-el-sueno-de-la-casa-propia","status":"publish","type":"post","link":"https:\/\/www.radiopresidenteibanez.cl\/web\/22-familias-de-puerto-williams-avanzan-hacia-el-sueno-de-la-casa-propia\/","title":{"rendered":"22 FAMILIAS DE PUERTO WILLIAMS AVANZAN HACIA EL SUE\u00d1O DE LA CASA PROPIA"},"content":{"rendered":"\n<p>Resguardando los correspondientes protocolos sanitarios,<strong>&nbsp;<\/strong>22 familias de la agrupaci\u00f3n \u201cSoberan\u00eda En El Fin Del Mundo\u201d recibieron los subsidios del Fondo Solidario de Vivienda del MINVU que respaldan su proyecto habitacional en Puerto Williams, en una entrega encabezada por el gobernador de la Provincia Ant\u00e1rtica Chilena, Nelson C\u00e1rcamo, y el Consejero Regional, Rodolfo Moncada.<\/p>\n\n\n\n<p>Seg\u00fan manifest\u00f3 la secretaria de la agrupaci\u00f3n, Bernardita Colivoro, junto con agradecer los subsidios, espera que puedan contar igualmente con los recursos faltantes a trav\u00e9s del Consejo Regional: \u201cSentimos una inmensa alegr\u00eda esperando nuestras futuras casas, Dios quiera que sea un per\u00edodo corto para recibir nuestras llaves, y una pena no haber podido estar con nuestra presidenta del grupo Karla Jaque que se encuentra en Punta Arenas\u201d; Asimismo se\u00f1al\u00f3 que \u201c\u00daltimamente durante el 2020 no se pudo hacer reuniones por la pandemia, pero esperamos que ella llegue pronto para que podamos reunirnos.\u201d<\/p>\n\n\n\n<p>El Proyecto habitacional, financiado por el Ministerio de Vivienda y Urbanismo y con terreno que aportar\u00e1 el Serviu, alcanzar\u00e1 en total, con suplemento FNDR, una inversi\u00f3n del orden de los 2.600 millones de pesos, generando adem\u00e1s la creaci\u00f3n de puestos de trabajo mientras dura la construcci\u00f3n.<\/p>\n\n\n\n<p>El seremi del ramo, Jos\u00e9 Miguel Horcos, destac\u00f3 que \u201cComo Ministerio, liderado por nuestro Ministro Felipe Ward, estamos muy contentos por estas 22 familias que ya recibieron su subsidio, y que conforman el proyecto habitacional \u201dSoberan\u00eda Al Fin del Mundo\u201d, en la ciudad m\u00e1s austral del mundo, que iniciar\u00e1 su construcci\u00f3n esperando el aporte del Gobierno Regional, en este sentido agradecemos al Gobernador quien presidi\u00f3 esta entrega, y tambi\u00e9n al Core Rodolfo Moncada quien nos apoya en esta gesti\u00f3n para que estas casas puedan ser construidas en Puerto Williams\u201d.<\/p>\n\n\n\n<p>En este sentido, el Gobernador de la Provincia Ant\u00e1rtica Chilena expres\u00f3 \u201cla satisfacci\u00f3n de haber cumplido la tarea tan grata de beneficiar a jefes y jefas de hogar que concurrieron a esta Gobernaci\u00f3n para retirar este documento, que era un compromiso como Gobierno de entregar las viviendas que Puerto Williams requiere, y que en una inversi\u00f3n compartida entre el MINVU y el GORE dan la tranquilidad a las familias de que en un tiempo m\u00e1s podr\u00e1n ver c\u00f3mo se inician estas obras.\u201d<\/p>\n\n\n\n<p>Sobre el particular, el consejero regional Rodolfo Moncada se\u00f1al\u00f3 que \u201cEsto es algo que los vecinos esperaban por muchos a\u00f1os, la se\u00f1ora Bernardita nos se\u00f1alaba que son pr\u00e1cticamente 8 a\u00f1os que esperan por su vivienda, y ahora s\u00f3lo queda el tr\u00e1mite en el Gobierno Regional para entregar los recursos que complementan la construcci\u00f3n de estas viviendas\u201d.<\/p>\n\n\n\n<p>Seg\u00fan a\u00f1adi\u00f3 el consejero, el proyecto de cofinanciamiento ingres\u00f3 hace unas semanas al Gobierno Regional, toda vez que existe un per\u00edodo legal para decidir la destinaci\u00f3n de estos recursos, poniendo \u00e9nfasis en que hist\u00f3ricamente el Consejo Regional ha respaldado el sector relacionado con vivienda, ante la comprensi\u00f3n de la necesidad de contar con casa propia en la Regi\u00f3n de Magallanes y de la Ant\u00e1rtica Chilena.<\/p>\n","protected":false},"excerpt":{"rendered":"<p>Resguardando los correspondientes protocolos sanitarios,&nbsp;22 familias de la agrupaci\u00f3n \u201cSoberan\u00eda En El Fin Del Mundo\u201d recibieron los subsidios del Fondo Solidario de Vivienda del MINVU que respaldan su proyecto habitacional&#8230; <a class=\"read-more\" href=\"https:\/\/www.radiopresidenteibanez.cl\/web\/22-familias-de-puerto-williams-avanzan-hacia-el-sueno-de-la-casa-propia\/\">Leer m\u00e1s<\/a><\/p>\n","protected":false},"author":2,"featured_media":20502,"comment_status":"closed","ping_status":"closed","sticky":false,"template":"","format":"standard","meta":{"footnotes":""},"categories":[1],"tags":[],"class_list":["post-20501","post","type-post","status-publish","format-standard","has-post-thumbnail","hentry","category-cronica"],"_links":{"self":[{"href":"https:\/\/www.radiopresidenteibanez.cl\/web\/wp-json\/wp\/v2\/posts\/20501","targetHints":{"allow":["GET"]}}],"collection":[{"href":"https:\/\/www.radiopresidenteibanez.cl\/web\/wp-json\/wp\/v2\/posts"}],"about":[{"href":"https:\/\/www.radiopresidenteibanez.cl\/web\/wp-json\/wp\/v2\/types\/post"}],"author":[{"embeddable":true,"href":"https:\/\/www.radiopresidenteibanez.cl\/web\/wp-json\/wp\/v2\/users\/2"}],"replies":[{"embeddable":true,"href":"https:\/\/www.radiopresidenteibanez.cl\/web\/wp-json\/wp\/v2\/comments?post=20501"}],"version-history":[{"count":0,"href":"https:\/\/www.radiopresidenteibanez.cl\/web\/wp-json\/wp\/v2\/posts\/20501\/revisions"}],"wp:featuredmedia":[{"embeddable":true,"href":"https:\/\/www.radiopresidenteibanez.cl\/web\/wp-json\/wp\/v2\/media\/20502"}],"wp:attachment":[{"href":"https:\/\/www.radiopresidenteibanez.cl\/web\/wp-json\/wp\/v2\/media?parent=20501"}],"wp:term":[{"taxonomy":"category","embeddable":true,"href":"https:\/\/www.radiopresidenteibanez.cl\/web\/wp-json\/wp\/v2\/categories?post=20501"},{"taxonomy":"post_tag","embeddable":true,"href":"https:\/\/www.radiopresidenteibanez.cl\/web\/wp-json\/wp\/v2\/tags?post=20501"}],"curies":[{"name":"wp","href":"https:\/\/api.w.org\/{rel}","templated":true}]}}