{"id":205,"date":"2019-01-02T15:06:03","date_gmt":"2019-01-02T15:06:03","guid":{"rendered":"http:\/\/www.radiopresidenteibanez.cl\/web\/?p=205"},"modified":"2019-01-02T15:06:05","modified_gmt":"2019-01-02T15:06:05","slug":"hospital-dr-augusto-essmann-burgos-da-la-bienvenida-al-primer-magallanico-nacido-en-el-ano-2019","status":"publish","type":"post","link":"https:\/\/www.radiopresidenteibanez.cl\/web\/hospital-dr-augusto-essmann-burgos-da-la-bienvenida-al-primer-magallanico-nacido-en-el-ano-2019\/","title":{"rendered":"HOSPITAL DR. AUGUSTO ESSMANN BURGOS DA LA BIENVENIDA AL PRIMER MAGALL\u00c1NICO NACIDO EN EL A\u00d1O 2019"},"content":{"rendered":"\n<p>El Hospital de Puerto Natales dio a la bienvenida al primer\nmagall\u00e1nico nacido en el nuevo a\u00f1o, se trata de Crist\u00f3bal Mu\u00f1oz Oyarzo que\nnaci\u00f3 el 1 de enero del 2018 y que fue visitado por la Gobernadora de la\nProvincia de \u00daltima Esperanza, Ana Mayorga, acompa\u00f1ada de la Subdirectora(s)\nM\u00e9dica del Hospital Dr. Augusto Essmann Burgos, Dra. Soledad Lizana. <\/p>\n\n\n\n<p>Crist\u00f3bal, lleg\u00f3 a este mundo pesando 3424 grs. y 52 cms de altura en\nun nacimiento normal y sin complicaciones. Luz Oyarzo, su madre, se mostr\u00f3 muy\ncontenta con la visita de las autoridades. \u201cEstamos muy contentos, y felices de\ntener a nuestro hijo con nosotros y saber que es el primer magall\u00e1nico de este\n2019. Queremos agradecer la compa\u00f1\u00eda y cari\u00f1o que tuve en el parto entregada\npor los profesionales del Hospital Dr. Augusto Essmann Burgos, y las visita que\nrecibimos\u201d. <\/p>\n\n\n\n<p>\u201cQuisimos dar la bienvenida a nuestro primer natalino y magall\u00e1nico nacido\nen el 2019. Hoy festejamos una nueva vida, en un nuevo a\u00f1o. Queremos felicitar\na sus padres y su familia, como recinto de salud nos llena de felicidad y\norgullo que el equipo del Servicio de Maternidad, a cargo de la matrona de\nturno, Gloria Montiel, recibiera a Crist\u00f3bal\u201d, asegur\u00f3 la Dra. Soledad\nLizana.&nbsp; &nbsp;<\/p>\n\n\n\n<p>Por su parte, la primera autoridad provincial, dijo: \u201cestamos muy\ncontentos acompa\u00f1ando a Crist\u00f3bal y a sus padres Luz y Juan, conociendo al\nprimer natalino y magall\u00e1nico. Como representante del Gobierno del Presidente,\nSebastian Pi\u00f1era, estamos muy felices de acompa\u00f1ar a esta joven familia, en\neste momento especial y hist\u00f3rico para la regi\u00f3n\u201d. &nbsp;<\/p>\n\n\n\n<p>Las autoridades hicieron entrega del Ajuar de\nChile Crece Contigo, set de implementos que es entregado a todos los ni\u00f1os y\nni\u00f1as que nacen en Hospitales de la red p\u00fablica de salud.<\/p>\n","protected":false},"excerpt":{"rendered":"<p>El Hospital de Puerto Natales dio a la bienvenida al primer magall\u00e1nico nacido en el nuevo a\u00f1o, se trata de Crist\u00f3bal Mu\u00f1oz Oyarzo que naci\u00f3 el 1 de enero del&#8230; <a class=\"read-more\" href=\"https:\/\/www.radiopresidenteibanez.cl\/web\/hospital-dr-augusto-essmann-burgos-da-la-bienvenida-al-primer-magallanico-nacido-en-el-ano-2019\/\">Leer m\u00e1s<\/a><\/p>\n","protected":false},"author":2,"featured_media":206,"comment_status":"closed","ping_status":"closed","sticky":false,"template":"","format":"standard","meta":{"footnotes":""},"categories":[1],"tags":[],"class_list":["post-205","post","type-post","status-publish","format-standard","has-post-thumbnail","hentry","category-cronica"],"_links":{"self":[{"href":"https:\/\/www.radiopresidenteibanez.cl\/web\/wp-json\/wp\/v2\/posts\/205","targetHints":{"allow":["GET"]}}],"collection":[{"href":"https:\/\/www.radiopresidenteibanez.cl\/web\/wp-json\/wp\/v2\/posts"}],"about":[{"href":"https:\/\/www.radiopresidenteibanez.cl\/web\/wp-json\/wp\/v2\/types\/post"}],"author":[{"embeddable":true,"href":"https:\/\/www.radiopresidenteibanez.cl\/web\/wp-json\/wp\/v2\/users\/2"}],"replies":[{"embeddable":true,"href":"https:\/\/www.radiopresidenteibanez.cl\/web\/wp-json\/wp\/v2\/comments?post=205"}],"version-history":[{"count":0,"href":"https:\/\/www.radiopresidenteibanez.cl\/web\/wp-json\/wp\/v2\/posts\/205\/revisions"}],"wp:featuredmedia":[{"embeddable":true,"href":"https:\/\/www.radiopresidenteibanez.cl\/web\/wp-json\/wp\/v2\/media\/206"}],"wp:attachment":[{"href":"https:\/\/www.radiopresidenteibanez.cl\/web\/wp-json\/wp\/v2\/media?parent=205"}],"wp:term":[{"taxonomy":"category","embeddable":true,"href":"https:\/\/www.radiopresidenteibanez.cl\/web\/wp-json\/wp\/v2\/categories?post=205"},{"taxonomy":"post_tag","embeddable":true,"href":"https:\/\/www.radiopresidenteibanez.cl\/web\/wp-json\/wp\/v2\/tags?post=205"}],"curies":[{"name":"wp","href":"https:\/\/api.w.org\/{rel}","templated":true}]}}