{"id":20496,"date":"2021-05-05T02:45:00","date_gmt":"2021-05-05T02:45:00","guid":{"rendered":"https:\/\/www.radiopresidenteibanez.cl\/web\/?p=20496"},"modified":"2021-05-04T18:04:05","modified_gmt":"2021-05-04T18:04:05","slug":"edelmag-cierra-sus-oficinas-comerciales-en-punta-arenas-puerto-natales-y-porvenir-por-inicio-de-cuarentena","status":"publish","type":"post","link":"https:\/\/www.radiopresidenteibanez.cl\/web\/edelmag-cierra-sus-oficinas-comerciales-en-punta-arenas-puerto-natales-y-porvenir-por-inicio-de-cuarentena\/","title":{"rendered":"EDELMAG CIERRA SUS OFICINAS COMERCIALES EN PUNTA ARENAS, PUERTO NATALES Y PORVENIR POR INICIO DE CUARENTENA"},"content":{"rendered":"\n<p>Ante la determinaci\u00f3n de la autoridad\nsanitaria de decretar cuarentena en Punta Arenas, Puerto Natales y Porvenir, las\noficinas comerciales de EDELMAG en estas ciudades solo permanecer\u00e1n abiertas\nhasta este mi\u00e9rcoles 5 de mayo en su horario habitual.<\/p>\n\n\n\n<p>El cierre de las oficinas se har\u00e1\nefectivo a contar de este jueves 6 de mayo. La atenci\u00f3n al p\u00fablico se retomar\u00e1 una\nvez que la autoridad sanitaria levante la respectiva cuarentena. Esta medida\nbusca resguardar la salud y seguridad de los clientes y colaboradores de EDELMAG.\n<\/p>\n\n\n\n<p>Las solicitudes y consultas comerciales se continuar\u00e1n atendiendo a trav\u00e9s\nde los canales no presenciales que han sido implementados por la empresa:<\/p>\n\n\n\n<ul class=\"wp-block-list\"><li>Oficina virtual www.edelmag.cl,\n<\/li><li>Fono Clientes 800 800 400, <\/li><li>Cuenta de Twitter @edelmag_sos.<\/li><li>Correo electr\u00f3nico\natenciondeclientes@edelmag.cl. <\/li><li>Adem\u00e1s, se encuentran\nhabilitados los celulares 9 3943 8136 y 9 3952 9049. Estos \u00faltimos son\natendidos de lunes a\njueves, en los horarios de 9:00 a 12:00 horas y de 14:00 a 16:00 horas;\nmientras que el viernes la atenci\u00f3n se concentrar\u00e1 entre las 9:00 y 14:00\nhoras.<\/li><\/ul>\n\n\n\n<p>La lectura de medidores y reparto de\nboletas se seguir\u00e1 realizando de manera habitual. Sin embargo, aquellos\nclientes que lo deseen pueden informar la lectura de su medidor indicando el n\u00famero\nde cliente, a trav\u00e9s de los canales antes mencionados, en la fecha de pr\u00f3xima\nlectura que se indica en la boleta. <\/p>\n\n\n\n<p>Por otro lado, la oficina comercial de Puerto\nWilliams sigue operando normalmente.\n\nEDELMAG lamenta los\ninconvenientes que esto pueda provocar y pide comprensi\u00f3n a sus clientes en\nestas circunstancias extraordinarias. \n\n\n\n<\/p>\n","protected":false},"excerpt":{"rendered":"<p>Ante la determinaci\u00f3n de la autoridad sanitaria de decretar cuarentena en Punta Arenas, Puerto Natales y Porvenir, las oficinas comerciales de EDELMAG en estas ciudades solo permanecer\u00e1n abiertas hasta este&#8230; <a class=\"read-more\" href=\"https:\/\/www.radiopresidenteibanez.cl\/web\/edelmag-cierra-sus-oficinas-comerciales-en-punta-arenas-puerto-natales-y-porvenir-por-inicio-de-cuarentena\/\">Leer m\u00e1s<\/a><\/p>\n","protected":false},"author":2,"featured_media":714,"comment_status":"closed","ping_status":"closed","sticky":false,"template":"","format":"standard","meta":{"footnotes":""},"categories":[1],"tags":[],"class_list":["post-20496","post","type-post","status-publish","format-standard","has-post-thumbnail","hentry","category-cronica"],"_links":{"self":[{"href":"https:\/\/www.radiopresidenteibanez.cl\/web\/wp-json\/wp\/v2\/posts\/20496","targetHints":{"allow":["GET"]}}],"collection":[{"href":"https:\/\/www.radiopresidenteibanez.cl\/web\/wp-json\/wp\/v2\/posts"}],"about":[{"href":"https:\/\/www.radiopresidenteibanez.cl\/web\/wp-json\/wp\/v2\/types\/post"}],"author":[{"embeddable":true,"href":"https:\/\/www.radiopresidenteibanez.cl\/web\/wp-json\/wp\/v2\/users\/2"}],"replies":[{"embeddable":true,"href":"https:\/\/www.radiopresidenteibanez.cl\/web\/wp-json\/wp\/v2\/comments?post=20496"}],"version-history":[{"count":0,"href":"https:\/\/www.radiopresidenteibanez.cl\/web\/wp-json\/wp\/v2\/posts\/20496\/revisions"}],"wp:featuredmedia":[{"embeddable":true,"href":"https:\/\/www.radiopresidenteibanez.cl\/web\/wp-json\/wp\/v2\/media\/714"}],"wp:attachment":[{"href":"https:\/\/www.radiopresidenteibanez.cl\/web\/wp-json\/wp\/v2\/media?parent=20496"}],"wp:term":[{"taxonomy":"category","embeddable":true,"href":"https:\/\/www.radiopresidenteibanez.cl\/web\/wp-json\/wp\/v2\/categories?post=20496"},{"taxonomy":"post_tag","embeddable":true,"href":"https:\/\/www.radiopresidenteibanez.cl\/web\/wp-json\/wp\/v2\/tags?post=20496"}],"curies":[{"name":"wp","href":"https:\/\/api.w.org\/{rel}","templated":true}]}}