{"id":20493,"date":"2021-05-05T02:30:00","date_gmt":"2021-05-05T02:30:00","guid":{"rendered":"https:\/\/www.radiopresidenteibanez.cl\/web\/?p=20493"},"modified":"2021-05-04T18:02:22","modified_gmt":"2021-05-04T18:02:22","slug":"diputada-amar-llama-a-despachar-lo-antes-posible-proyecto-que-crea-un-registro-nacional-de-deudores-de-pensiones-de-alimentos","status":"publish","type":"post","link":"https:\/\/www.radiopresidenteibanez.cl\/web\/diputada-amar-llama-a-despachar-lo-antes-posible-proyecto-que-crea-un-registro-nacional-de-deudores-de-pensiones-de-alimentos\/","title":{"rendered":"DIPUTADA AMAR LLAMA A DESPACHAR LO ANTES POSIBLE PROYECTO QUE CREA UN REGISTRO NACIONAL DE DEUDORES DE PENSIONES DE ALIMENTOS"},"content":{"rendered":"\n<p>La\nDiputada Sandra Amar, llam\u00f3 a sus pares de la C\u00e1mara Baja, en especial de la\ncomisi\u00f3n de Familia, a despachar lo antes posible el proyecto de ley que crea\nun Registro Nacional de Deudores de Pensiones de Alimentos, que tiene como\nobjetivo fomentar el pago de dicha responsabilidad, considerando que el a\u00f1o\npasado un 84% de los alimentantes manten\u00edan pensiones impagas.<\/p>\n\n\n\n<p>Al\nrespecto, la parlamentaria se\u00f1al\u00f3 que espera que el proyecto sea despachado lo\nantes posible para que pueda ser votado en Sala, considerando que el objetivo\nes mejorar el actual sistema de pago de las pensiones de alimentos a trav\u00e9s de la\ncreaci\u00f3n de un registro, en el que estar\u00e1n incluidos todos los deudores de\npensi\u00f3n que tengan al menos tres cuotas consecutivas o cinco discontinuas\nimpagas.<\/p>\n\n\n\n<p>\u201cEste\nproyecto tiene como \u00fanica finalidad que de una vez por todas los padres que\ntengan a su cargo la pensi\u00f3n de un hijo cumplan a tiempo con su obligaci\u00f3n. Conozco\nla dura realidad que viven muchos ni\u00f1os y ni\u00f1as a nivel pa\u00eds y en la Regi\u00f3n\nrespecto a este tema, y fue de suma importancia presentar r\u00e1pidamente una serie\nde propuestas que consist\u00edan en presionar a que los deudores cumplan con sus\nobligaciones de manera m\u00e1s responsable\u201d, afirm\u00f3 la Diputada Amar.<\/p>\n\n\n\n<p>El\nproyecto ingresado por el Gobierno, incluye propuestas como prohibir la\nobtenci\u00f3n y\/o renovaci\u00f3n de la licencia de conducir y del pasaporte para\nquienes sean incluidos en dicho registro. Adem\u00e1s, la iniciativa incorpora otras\nmedidas como la retenci\u00f3n de indemnizaciones laborales, devoluciones de\nimpuesto a la renta, pago de honorarios y otras pensiones para quienes\nmantengan cuotas impagas, como tambi\u00e9n la retenci\u00f3n de los eventuales\nbeneficios sociales que pudieran recibir.<\/p>\n\n\n\n<p>Por\n\u00faltimo, la parlamentaria sostuvo \u201cesperamos que el Congreso siga tramitando\neste proyecto con la misma velocidad, porque hay muchas familias, en especial\nmadres, que todos los d\u00edas tienen que buscar diferentes maneras para alimentar,\nvestir y educar a sus hijos debido a que el padre no ha cumplido con su\nresponsabilidad. Esta es una obligaci\u00f3n de \u00e9l y nosotros buscamos mejorar el\npago de las pensiones a nivel pa\u00eds\u201d.<\/p>\n","protected":false},"excerpt":{"rendered":"<p>La Diputada Sandra Amar, llam\u00f3 a sus pares de la C\u00e1mara Baja, en especial de la comisi\u00f3n de Familia, a despachar lo antes posible el proyecto de ley que crea&#8230; <a class=\"read-more\" href=\"https:\/\/www.radiopresidenteibanez.cl\/web\/diputada-amar-llama-a-despachar-lo-antes-posible-proyecto-que-crea-un-registro-nacional-de-deudores-de-pensiones-de-alimentos\/\">Leer m\u00e1s<\/a><\/p>\n","protected":false},"author":2,"featured_media":20494,"comment_status":"closed","ping_status":"closed","sticky":false,"template":"","format":"standard","meta":{"footnotes":""},"categories":[1],"tags":[],"class_list":["post-20493","post","type-post","status-publish","format-standard","has-post-thumbnail","hentry","category-cronica"],"_links":{"self":[{"href":"https:\/\/www.radiopresidenteibanez.cl\/web\/wp-json\/wp\/v2\/posts\/20493","targetHints":{"allow":["GET"]}}],"collection":[{"href":"https:\/\/www.radiopresidenteibanez.cl\/web\/wp-json\/wp\/v2\/posts"}],"about":[{"href":"https:\/\/www.radiopresidenteibanez.cl\/web\/wp-json\/wp\/v2\/types\/post"}],"author":[{"embeddable":true,"href":"https:\/\/www.radiopresidenteibanez.cl\/web\/wp-json\/wp\/v2\/users\/2"}],"replies":[{"embeddable":true,"href":"https:\/\/www.radiopresidenteibanez.cl\/web\/wp-json\/wp\/v2\/comments?post=20493"}],"version-history":[{"count":0,"href":"https:\/\/www.radiopresidenteibanez.cl\/web\/wp-json\/wp\/v2\/posts\/20493\/revisions"}],"wp:featuredmedia":[{"embeddable":true,"href":"https:\/\/www.radiopresidenteibanez.cl\/web\/wp-json\/wp\/v2\/media\/20494"}],"wp:attachment":[{"href":"https:\/\/www.radiopresidenteibanez.cl\/web\/wp-json\/wp\/v2\/media?parent=20493"}],"wp:term":[{"taxonomy":"category","embeddable":true,"href":"https:\/\/www.radiopresidenteibanez.cl\/web\/wp-json\/wp\/v2\/categories?post=20493"},{"taxonomy":"post_tag","embeddable":true,"href":"https:\/\/www.radiopresidenteibanez.cl\/web\/wp-json\/wp\/v2\/tags?post=20493"}],"curies":[{"name":"wp","href":"https:\/\/api.w.org\/{rel}","templated":true}]}}