{"id":20490,"date":"2021-05-05T02:15:00","date_gmt":"2021-05-05T02:15:00","guid":{"rendered":"https:\/\/www.radiopresidenteibanez.cl\/web\/?p=20490"},"modified":"2021-05-04T17:59:58","modified_gmt":"2021-05-04T17:59:58","slug":"encuesta-de-demanda-laboral-inicia-su-levantamiento-con-foco-en-la-recuperacion-del-empleo","status":"publish","type":"post","link":"https:\/\/www.radiopresidenteibanez.cl\/web\/encuesta-de-demanda-laboral-inicia-su-levantamiento-con-foco-en-la-recuperacion-del-empleo\/","title":{"rendered":"ENCUESTA DE DEMANDA LABORAL INICIA SU LEVANTAMIENTO CON FOCO EN LA RECUPERACI\u00d3N DEL EMPLEO"},"content":{"rendered":"\n<p>El Observatorio Laboral\nde SENCE, ejecutado en Magallanes por INACAP, inicia el levantamiento de\ninformaci\u00f3n para la 3\u00aa Encuesta Nacional de Demanda Laboral, ENADEL 2021; con\nel prop\u00f3sito de conocer los requerimientos de capital humano de la industria\nregional a m\u00e1s de un a\u00f1o del inicio de la pandemia COVID-19.<\/p>\n\n\n\n<p>ENADEL 2021 encuestar\u00e1 a\nempresas de los sectores de industria manufacturera; transporte y\nalmacenamiento, y telecomunicaciones; adem\u00e1s, levantar\u00e1 informaci\u00f3n sobre\nproyectos de inversi\u00f3n en infraestructura en obras p\u00fablicas y energ\u00eda.<\/p>\n\n\n\n<p>\u00abTal como lo hemos\nmanifestado en a\u00f1os anteriores, esta encuesta que ejecuta el equipo del\nObservatorio Laboral de Magallanes (OLM) es de vital importancia para nosotros,\npuesto que nos permite dimensionar la situaci\u00f3n de las empresas de los\ndiferentes rubros evaluados en la regi\u00f3n, especialmente hoy, en el contexto de\nla pandemia del Coronavirus. Gracias a ella, adem\u00e1s, se pueden establecer de\nmanera concreta las ofertas y demandas laborales de estos sectores, lo cual\nconstituye un insumo invaluable para las pol\u00edticas que, como Gobierno del\nPresidente Sebasti\u00e1n Pi\u00f1era, hemos levantado a fin de recuperar y crear nuevos\nempleos para la zona\u00bb, expres\u00f3 la Seremi de Trabajo y Previsi\u00f3n Social, Victoria\nCort\u00e9s Schiattino.<\/p>\n\n\n\n<p>A su vez, el Director Regional del\nSENCE, Enrique Hern\u00e1ndez Pino, explic\u00f3 \u201cque estas encuestas permitir\u00e1n conocer\nlos requerimientos de capital humano actual, y prospectivos a nivel de\nocupaciones, cualificaciones y habilidades en la regi\u00f3n de Magallanes y la\nAnt\u00e1rtica Chilena, lo que sin duda generar\u00e1 informaci\u00f3n relevante para la\npertinencia de nuestra oferta program\u00e1tica a nivel regional en el futuro. <\/p>\n\n\n\n<p><strong>Preparaci\u00f3n\nen terreno<\/strong><\/p>\n\n\n\n<p>El levantamiento de ENADEL 2021 estar\u00e1\na cargo de un equipo de profesionales altamente calificado. &nbsp;\u201cEn nuestro cuarto a\u00f1o de Observatorio\nLaboral, podemos afirmar que contamos con un equipo humano altamente\ncapacitado, y este a\u00f1o estar\u00e1n trabajando en la regi\u00f3n un equipo de 9\nprofesionales en este proyecto. Hacemos extensiva la invitaci\u00f3n a que las\nempresas participen entregando informaci\u00f3n la cual es confidencial y se\nencuentra protegida por la ley. Se trata de informaci\u00f3n extremadamente valiosa\npara formar el talento humano que el pa\u00eds necesita, y se hace a\u00fan m\u00e1s urgente\nen el nuevo contexto mundial\u201d, sostuvo la\ndirectora del Observatorio Laboral de Magallanes, Leandra Mac\u00edas Leiva.<\/p>\n\n\n\n<p>En esa l\u00ednea, para el pr\u00f3ximo 13 de mayo\nse agend\u00f3 la realizaci\u00f3n de forma telem\u00e1tica de la d\u00e9cimo tercera sesi\u00f3n del Consejo\nAsesor del Observatorio Laboral magall\u00e1nico, oportunidad en que se presentar\u00e1n\nlos resultados m\u00e1s relevantes obtenidos en las investigaciones sectoriales (Comercio\ny Silvoagropecuario y Pesca) realizadas durante el a\u00f1o pasado y, adem\u00e1s,\ninformar\u00e1 el plan de trabajo del Observatorio Laboral de la regi\u00f3n para este\n2021. <\/p>\n","protected":false},"excerpt":{"rendered":"<p>El Observatorio Laboral de SENCE, ejecutado en Magallanes por INACAP, inicia el levantamiento de informaci\u00f3n para la 3\u00aa Encuesta Nacional de Demanda Laboral, ENADEL 2021; con el prop\u00f3sito de conocer&#8230; <a class=\"read-more\" href=\"https:\/\/www.radiopresidenteibanez.cl\/web\/encuesta-de-demanda-laboral-inicia-su-levantamiento-con-foco-en-la-recuperacion-del-empleo\/\">Leer m\u00e1s<\/a><\/p>\n","protected":false},"author":2,"featured_media":20491,"comment_status":"closed","ping_status":"closed","sticky":false,"template":"","format":"standard","meta":{"footnotes":""},"categories":[1],"tags":[],"class_list":["post-20490","post","type-post","status-publish","format-standard","has-post-thumbnail","hentry","category-cronica"],"_links":{"self":[{"href":"https:\/\/www.radiopresidenteibanez.cl\/web\/wp-json\/wp\/v2\/posts\/20490","targetHints":{"allow":["GET"]}}],"collection":[{"href":"https:\/\/www.radiopresidenteibanez.cl\/web\/wp-json\/wp\/v2\/posts"}],"about":[{"href":"https:\/\/www.radiopresidenteibanez.cl\/web\/wp-json\/wp\/v2\/types\/post"}],"author":[{"embeddable":true,"href":"https:\/\/www.radiopresidenteibanez.cl\/web\/wp-json\/wp\/v2\/users\/2"}],"replies":[{"embeddable":true,"href":"https:\/\/www.radiopresidenteibanez.cl\/web\/wp-json\/wp\/v2\/comments?post=20490"}],"version-history":[{"count":0,"href":"https:\/\/www.radiopresidenteibanez.cl\/web\/wp-json\/wp\/v2\/posts\/20490\/revisions"}],"wp:featuredmedia":[{"embeddable":true,"href":"https:\/\/www.radiopresidenteibanez.cl\/web\/wp-json\/wp\/v2\/media\/20491"}],"wp:attachment":[{"href":"https:\/\/www.radiopresidenteibanez.cl\/web\/wp-json\/wp\/v2\/media?parent=20490"}],"wp:term":[{"taxonomy":"category","embeddable":true,"href":"https:\/\/www.radiopresidenteibanez.cl\/web\/wp-json\/wp\/v2\/categories?post=20490"},{"taxonomy":"post_tag","embeddable":true,"href":"https:\/\/www.radiopresidenteibanez.cl\/web\/wp-json\/wp\/v2\/tags?post=20490"}],"curies":[{"name":"wp","href":"https:\/\/api.w.org\/{rel}","templated":true}]}}