{"id":2049,"date":"2019-03-08T23:59:08","date_gmt":"2019-03-08T23:59:08","guid":{"rendered":"http:\/\/www.radiopresidenteibanez.cl\/web\/?p=2049"},"modified":"2019-03-08T23:59:22","modified_gmt":"2019-03-08T23:59:22","slug":"asistentes-de-la-educacion-realizaran-marcha-este-lunes-11-no-descartando-un-paro-de-brazos-caidos","status":"publish","type":"post","link":"https:\/\/www.radiopresidenteibanez.cl\/web\/asistentes-de-la-educacion-realizaran-marcha-este-lunes-11-no-descartando-un-paro-de-brazos-caidos\/","title":{"rendered":"ASISTENTES DE LA EDUCACI\u00d3N REALIZAR\u00c1N MARCHA ESTE LUNES 11, NO DESCARTANDO UN PARO DE BRAZOS CA\u00cdDOS"},"content":{"rendered":"\n<p>En una asamblea realizada la tarde de este viernes, los asistentes de la educaci\u00f3n de Punta Arenas, tomaron la determinaci\u00f3n de realizar una marcha este pr\u00f3ximo lunes 11 de marzo a partir del mediod\u00eda en el sector c\u00e9ntrico de la ciudad.<\/p>\n\n\n\n<p>Lo anterior debido a que no les han pagado deudas pendiente que mantiene      la Cormupa con los profesionales. As\u00ed tambi\u00e9n los asistentes no descartaron realizar un paro de brazos ca\u00eddos.<\/p>\n","protected":false},"excerpt":{"rendered":"<p>En una asamblea realizada la tarde de este viernes, los asistentes de la educaci\u00f3n de Punta Arenas, tomaron la determinaci\u00f3n de realizar una marcha este pr\u00f3ximo lunes 11 de marzo&#8230; <a class=\"read-more\" href=\"https:\/\/www.radiopresidenteibanez.cl\/web\/asistentes-de-la-educacion-realizaran-marcha-este-lunes-11-no-descartando-un-paro-de-brazos-caidos\/\">Leer m\u00e1s<\/a><\/p>\n","protected":false},"author":2,"featured_media":740,"comment_status":"closed","ping_status":"closed","sticky":false,"template":"","format":"standard","meta":{"footnotes":""},"categories":[1],"tags":[],"class_list":["post-2049","post","type-post","status-publish","format-standard","has-post-thumbnail","hentry","category-cronica"],"_links":{"self":[{"href":"https:\/\/www.radiopresidenteibanez.cl\/web\/wp-json\/wp\/v2\/posts\/2049","targetHints":{"allow":["GET"]}}],"collection":[{"href":"https:\/\/www.radiopresidenteibanez.cl\/web\/wp-json\/wp\/v2\/posts"}],"about":[{"href":"https:\/\/www.radiopresidenteibanez.cl\/web\/wp-json\/wp\/v2\/types\/post"}],"author":[{"embeddable":true,"href":"https:\/\/www.radiopresidenteibanez.cl\/web\/wp-json\/wp\/v2\/users\/2"}],"replies":[{"embeddable":true,"href":"https:\/\/www.radiopresidenteibanez.cl\/web\/wp-json\/wp\/v2\/comments?post=2049"}],"version-history":[{"count":0,"href":"https:\/\/www.radiopresidenteibanez.cl\/web\/wp-json\/wp\/v2\/posts\/2049\/revisions"}],"wp:featuredmedia":[{"embeddable":true,"href":"https:\/\/www.radiopresidenteibanez.cl\/web\/wp-json\/wp\/v2\/media\/740"}],"wp:attachment":[{"href":"https:\/\/www.radiopresidenteibanez.cl\/web\/wp-json\/wp\/v2\/media?parent=2049"}],"wp:term":[{"taxonomy":"category","embeddable":true,"href":"https:\/\/www.radiopresidenteibanez.cl\/web\/wp-json\/wp\/v2\/categories?post=2049"},{"taxonomy":"post_tag","embeddable":true,"href":"https:\/\/www.radiopresidenteibanez.cl\/web\/wp-json\/wp\/v2\/tags?post=2049"}],"curies":[{"name":"wp","href":"https:\/\/api.w.org\/{rel}","templated":true}]}}