{"id":20473,"date":"2021-05-04T02:45:00","date_gmt":"2021-05-04T02:45:00","guid":{"rendered":"https:\/\/www.radiopresidenteibanez.cl\/web\/?p=20473"},"modified":"2021-05-03T16:51:33","modified_gmt":"2021-05-03T16:51:33","slug":"tras-40-anos-se-jubila-historico-funcionario-de-conaf-y-del-vivero-en-rio-de-los-ciervos","status":"publish","type":"post","link":"https:\/\/www.radiopresidenteibanez.cl\/web\/tras-40-anos-se-jubila-historico-funcionario-de-conaf-y-del-vivero-en-rio-de-los-ciervos\/","title":{"rendered":"TRAS 40 A\u00d1OS SE JUBILA HIST\u00d3RICO FUNCIONARIO DE CONAF Y DEL VIVERO EN R\u00cdO DE LOS CIERVOS"},"content":{"rendered":"\n<p>Tras cumplir este 2021 cuatro d\u00e9cadas en la Corporaci\u00f3n Nacional Forestal (CONAF) en Magallanes, se acogi\u00f3 a retiro uno de los funcionarios hist\u00f3ricos de la instituci\u00f3n ampliamente reconocido por ser la cara visible del vivero forestal en el sector de R\u00edo de los Ciervos.<\/p>\n\n\n\n<p>Se trata de Jorge Barr\u00eda Vargas qui\u00e9n&nbsp;este viernes fue despedido por sus colegas de trabajo y direcci\u00f3n regional de CONAF en un acto realizado justamente en el Vivero donde dedic\u00f3 casi 30 a\u00f1os de su vida laboral y que fue transmitido por plataforma virtual para que sus ex compa\u00f1eros y compa\u00f1eras de trabajo pudieran ser testigos de este singular momento.<\/p>\n\n\n\n<p>En la ocasi\u00f3n, el director regional, Mauricio V\u00e9jar, jefes de los departamentos y colegas dedicaron palabras para Jorge Barr\u00eda, destacando su compa\u00f1erismo, capacidad de ense\u00f1anza en el arte forestal y su &nbsp;capacidad innovativa en la implementaci\u00f3n de tecnolog\u00eda en el vivero.<\/p>\n\n\n\n<p>Como una forma de reconocer su legado, la direcci\u00f3n regional y colegas decidieron bautizar con su nombre y una placa conmemorativa, el centro de embolsado del vivero, obra materializada por Jorge Barr\u00eda y que signific\u00f3 un salto cualitativo en los procesos de producci\u00f3n de \u00e1rboles que realiza CONAF para la forestaci\u00f3n regional.<\/p>\n\n\n\n<p>Jorge Barr\u00eda es nacido en la provincia de \u00daltima Esperanza y desde peque\u00f1o vivi\u00f3 con su familia en el sector de Laguna Azul en Torres del Paine, ingresando el a\u00f1o 1981 a CONAF como guardaparques. A inicios de la d\u00e9cada del 90 se traslad\u00f3 a Punta Arenas, dedic\u00e1ndose a llevar adelante el Vivero Experimental de la instituci\u00f3n en R\u00edo de Los Ciervos.<\/p>\n\n\n\n<p>Desde all\u00ed en adelante, Jorge Barr\u00eda se convirti\u00f3 en pilar fundamental de la producci\u00f3n de \u00e1rboles que realiza CONAF, incorporando diversas tecnolog\u00edas que fueron modernizando gradualmente los diversos procesos de producci\u00f3n que se requer\u00edan.<\/p>\n\n\n\n<p>Entre otros hitos de Jorge Barr\u00eda se destaca que en el a\u00f1o 1992 form\u00f3 parte como motosierrista de la delegaci\u00f3n chilena que acompa\u00f1\u00f3 el iceberg del estand de Chile en la Expo Sevilla que conmemoraba los 500 a\u00f1os del Descubrimiento de Am\u00e9rica.<\/p>\n\n\n\n<p>Jorge Barr\u00eda, testigo del progresivo proceso de automatizaci\u00f3n que ha vivido el Vivero de CONAF, agradeci\u00f3 el gesto de sus colegas y la direcci\u00f3n regional, recordando que fue este espacio de producci\u00f3n su segundo hogar y donde entreg\u00f3 todo su conocimiento y gran parte de su vida.<\/p>\n","protected":false},"excerpt":{"rendered":"<p>Tras cumplir este 2021 cuatro d\u00e9cadas en la Corporaci\u00f3n Nacional Forestal (CONAF) en Magallanes, se acogi\u00f3 a retiro uno de los funcionarios hist\u00f3ricos de la instituci\u00f3n ampliamente reconocido por ser&#8230; <a class=\"read-more\" href=\"https:\/\/www.radiopresidenteibanez.cl\/web\/tras-40-anos-se-jubila-historico-funcionario-de-conaf-y-del-vivero-en-rio-de-los-ciervos\/\">Leer m\u00e1s<\/a><\/p>\n","protected":false},"author":2,"featured_media":20474,"comment_status":"closed","ping_status":"closed","sticky":false,"template":"","format":"standard","meta":{"footnotes":""},"categories":[1],"tags":[],"class_list":["post-20473","post","type-post","status-publish","format-standard","has-post-thumbnail","hentry","category-cronica"],"_links":{"self":[{"href":"https:\/\/www.radiopresidenteibanez.cl\/web\/wp-json\/wp\/v2\/posts\/20473","targetHints":{"allow":["GET"]}}],"collection":[{"href":"https:\/\/www.radiopresidenteibanez.cl\/web\/wp-json\/wp\/v2\/posts"}],"about":[{"href":"https:\/\/www.radiopresidenteibanez.cl\/web\/wp-json\/wp\/v2\/types\/post"}],"author":[{"embeddable":true,"href":"https:\/\/www.radiopresidenteibanez.cl\/web\/wp-json\/wp\/v2\/users\/2"}],"replies":[{"embeddable":true,"href":"https:\/\/www.radiopresidenteibanez.cl\/web\/wp-json\/wp\/v2\/comments?post=20473"}],"version-history":[{"count":0,"href":"https:\/\/www.radiopresidenteibanez.cl\/web\/wp-json\/wp\/v2\/posts\/20473\/revisions"}],"wp:featuredmedia":[{"embeddable":true,"href":"https:\/\/www.radiopresidenteibanez.cl\/web\/wp-json\/wp\/v2\/media\/20474"}],"wp:attachment":[{"href":"https:\/\/www.radiopresidenteibanez.cl\/web\/wp-json\/wp\/v2\/media?parent=20473"}],"wp:term":[{"taxonomy":"category","embeddable":true,"href":"https:\/\/www.radiopresidenteibanez.cl\/web\/wp-json\/wp\/v2\/categories?post=20473"},{"taxonomy":"post_tag","embeddable":true,"href":"https:\/\/www.radiopresidenteibanez.cl\/web\/wp-json\/wp\/v2\/tags?post=20473"}],"curies":[{"name":"wp","href":"https:\/\/api.w.org\/{rel}","templated":true}]}}