{"id":20461,"date":"2021-05-03T16:12:38","date_gmt":"2021-05-03T16:12:38","guid":{"rendered":"https:\/\/www.radiopresidenteibanez.cl\/web\/?p=20461"},"modified":"2021-05-03T16:12:44","modified_gmt":"2021-05-03T16:12:44","slug":"una-semana-sorprendente-por-ernesto-sepulveda","status":"publish","type":"post","link":"https:\/\/www.radiopresidenteibanez.cl\/web\/una-semana-sorprendente-por-ernesto-sepulveda\/","title":{"rendered":"\u00abUNA SEMANA SORPRENDENTE\u00bb por Ernesto Sep\u00falveda"},"content":{"rendered":"\n<p>&nbsp;&nbsp;&nbsp;&nbsp;&nbsp;&nbsp;&nbsp;&nbsp;&nbsp;&nbsp;&nbsp;&nbsp;&nbsp;&nbsp;&nbsp;&nbsp;&nbsp;&nbsp;&nbsp;&nbsp;&nbsp;&nbsp;&nbsp;&nbsp;&nbsp;&nbsp;&nbsp;&nbsp;&nbsp;&nbsp;&nbsp;&nbsp;&nbsp;&nbsp;&nbsp;&nbsp;&nbsp;&nbsp;&nbsp;&nbsp; &nbsp;Esta semana, la realidad super\u00f3 a la\nimaginaci\u00f3n. Por el lado menos esperado, vino la respuesta al conflicto\npol\u00edtico del tercer retiro de fondos de pensiones. Ante un presidente Pi\u00f1era, obstinado\nen su prop\u00f3sito de repetir la f\u00f3rmula de diciembre, en el Tribunal\nConstitucional. Pretend\u00eda bloquear el proyecto aprobado abrumadoramente en el\ncongreso, para luego conseguir votos para su propio proyecto de retiro. Pero\nnadie adivin\u00f3 la votaci\u00f3n del TC, de integrantes mayoritariamente de derecha\n(cinco consejeros m\u00e1s el voto dirimente de la presidenta Brahm). Por 7 votos\ncontra 3 declararon inadmisible el requerimiento. El presidente estaba tentado\na vetar el proyecto, pero finalmente los candidatos presidenciales del bloque,\nle advirtieron del efecto electoral que eso tendr\u00eda. Finalmente, el proyecto\nfue promulgado, y a partir de este lunes, millones de personas, efectuar\u00e1n su\nsolicitud de retiro. Se espera que unos 13 mil millones de d\u00f3lares, salgan de\nlos fondos de pensiones de los trabajadores, un 6,4% del PIB del pa\u00eds.<\/p>\n\n\n\n<p>&nbsp;&nbsp;&nbsp;&nbsp;&nbsp;&nbsp;&nbsp;&nbsp;&nbsp;&nbsp;&nbsp;&nbsp;&nbsp;&nbsp;&nbsp;&nbsp;&nbsp;&nbsp;&nbsp;&nbsp;&nbsp;&nbsp;&nbsp;&nbsp;&nbsp;&nbsp;&nbsp;&nbsp;&nbsp;&nbsp;&nbsp; En medio de la\npresi\u00f3n de La Moneda, para que el congreso cediera, y para conseguir un voto\naf\u00edn en el TC, una figura impensada hace unos meses, se alz\u00f3 por sobre todas,\nopacando incluso al presidente Pi\u00f1era en los medios de comunicaci\u00f3n. La\npresidenta del senado Yasna Provoste. Ex ministra de educaci\u00f3n de la presidenta\nBachelet, acusada constitucionalmente por la derecha. Que vivi\u00f3 un autoexilio\nen Canad\u00e1, para retornar a\u00f1os despu\u00e9s a Atacama, venciendo primero como\ndiputada y hoy como senadora. Algunos incluso, han llegado a mencionarla como\ncandidata presidencial, debido al liderazgo y a la firme convicci\u00f3n, con que ha\nlogrado destrabar la relaci\u00f3n pol\u00edtica, con un gobierno que se derrumba.<\/p>\n\n\n\n<p>&nbsp;&nbsp;&nbsp;&nbsp;&nbsp;&nbsp;&nbsp;&nbsp;&nbsp;&nbsp;&nbsp;&nbsp;&nbsp;&nbsp;&nbsp;&nbsp;&nbsp;&nbsp;&nbsp;&nbsp;&nbsp;&nbsp;&nbsp;&nbsp;&nbsp;&nbsp; Para tranquilidad de\nmuchos, la presidenta del senado, se apur\u00f3 en descartar cualquier intenci\u00f3n de\nopacar a su camarada Rinc\u00f3n, precandidata de la DC a las presidenciales. <\/p>\n\n\n\n<p>&nbsp;&nbsp;&nbsp;&nbsp;&nbsp;&nbsp;&nbsp;&nbsp;&nbsp;&nbsp;&nbsp;&nbsp;&nbsp;&nbsp;&nbsp;&nbsp;&nbsp;&nbsp;&nbsp;&nbsp;&nbsp;&nbsp;&nbsp;&nbsp;&nbsp;&nbsp;&nbsp; En el intertanto,\nel Centro de estudios p\u00fablicos, aplicaba su denominado \u201cEstudio especial\u201d, una\nencuesta telef\u00f3nica, durante el mes de abril, donde se consulta de casi todos.\nMenos de lo que todos deseamos saber. No hubo preguntas sobre la constituyente,\ntampoco sobre gobernadores regionales. Y la principal interrogante, acerca de\nla elecci\u00f3n presidencial, tampoco se realiza una pregunta de intenci\u00f3n de voto,\nde preferencias, o de aprobaci\u00f3n. Esto provoc\u00f3 las cr\u00edticas de expertos, de\nconsultoras de opini\u00f3n, como Marta Lagos, directora de Mori y de Latino\nbar\u00f3metro, que el 30 de abril en CNN Chile, explicaba a Fernando Paulsen \u201cHay\nuna pregunta que lleva a un error gigante por parte de los medios de comunicaci\u00f3n,\nque es la pregunta de valoraci\u00f3n positiva. Que no es lo mismo que aprobaci\u00f3n\u201d.\nTal como lo advierte la experta, los medios replicaron, hasta la saciedad, los\nsupuestos pron\u00f3sticos electorales. Incluso se vio a figuras pol\u00edticas, tratando\nde sacar provecho, de una informaci\u00f3n err\u00f3nea.<\/p>\n\n\n\n<p>&nbsp;&nbsp;&nbsp;&nbsp;&nbsp;&nbsp;&nbsp;&nbsp;&nbsp;&nbsp;&nbsp;&nbsp;&nbsp;&nbsp;&nbsp;&nbsp;&nbsp;&nbsp;&nbsp;&nbsp;&nbsp;&nbsp;&nbsp;&nbsp;&nbsp;&nbsp;&nbsp;&nbsp;&nbsp;&nbsp;&nbsp; Lo cierto es,\nque estamos a 12 d\u00edas de la elecci\u00f3n mas importante de nuestra historia. Se\nignora si el desprestigio del gobierno, afectar\u00e1 a lista de constituyentes de\nsu sector, o a la de gobernadores regionales. Como las campa\u00f1as han\ndesaparecido de las calles, no existe la percepci\u00f3n de que sector pol\u00edtico ha\ntenido mayor despliegue. Si es por recursos econ\u00f3micos, los obtenidos en los\naportes legales, regulados por el Servel, los partidos pol\u00edticos superan\nampliamente a los candidatos independientes. Y dentro de los partidos, los de\nderecha se llevan la mayor tajada. Los montos totales de la campa\u00f1a electoral\nen curso, ascienden a la nada despreciable suma de 5 mil millones de pesos, de\nlos cuales s\u00f3lo 200 millones figuran gastados en la red social Facebook. Lo que\nen principio dar\u00eda cuenta, de que se estar\u00eda privilegiando la campa\u00f1a a la\nantigua, con despliegue de activistas, impresi\u00f3n y entrega de volantes, etc.\nLos candidatos independientes, con menos recursos, pero con creatividad,\npodr\u00edan dar una sorpresa, usando intensivamente los recursos tecnol\u00f3gicos.<\/p>\n\n\n\n<p>En el \u00e1mbito\npresidencial, es donde tenemos el mayor problema. Hoy en Chile no existe\nninguna figura pol\u00edtica, ning\u00fan liderazgo, capaz de encantar a la mayor\u00eda de la\npoblaci\u00f3n. La derecha gobernante, cuenta con una pl\u00e9yade de candidatos y una\ncandidata, pero no tiene a una figura indiscutida. Una figura que sintetice o\nrepresente todas las voces.&nbsp; Tiene a un\ngobierno, encabezado por su sector, que se hunde en la aprobaci\u00f3n ciudadana.\nCon un presidente que no da pie con bola. Y parece gobernar rodeado de\nbesamanos, incapaces de decirle que est\u00e1 equivocado. No es un buen eslogan de\ncampa\u00f1a, pretender dar continuidad, al peor gobierno de los \u00faltimos 30 a\u00f1os.\nPero si el gobierno es malo, la oposici\u00f3n es peor. Si solamente fueran capaces\nde ponerse de acuerdo en lo m\u00ednimo, en lo b\u00e1sico, podr\u00edan con toda certeza\nobtener la victoria en noviembre. Pero la lucha de egos, la eterna hoguera de\nvanidades consume a viejos y j\u00f3venes candidatos y candidatas. Como dec\u00eda un\nhist\u00f3rico dirigente pol\u00edtico \u201cTodos encuentran, que bailan mejor que el resto\u201d.\nHace falta la claridad para distinguir lo principal, de lo accesorio. Poner por\nencima de todo el inter\u00e9s general, m\u00e1s que el del partido, grupo, tendencia, o\nmovimiento. <\/p>\n\n\n\n<p>Dentro de las\npreguntas no observadas t\u00e9cnicamente del \u201cEstudio especial\u201d del CEP, es\ninteresante, la que ped\u00eda a las personas se clasificaran en una escala de 1 a\n10, de izquierda a derecha. Un 20% se identifica con la izquierda, un 19% con\nla derecha, y un 41% con el centro pol\u00edtico.&nbsp;\nSon datos, que deber\u00e1n corroborarse con los resultados de 15 y 16 de\nmayo, por mi parte, creo que la mayor\u00eda del pa\u00eds, es gente sensata, prudente.\nQue no est\u00e1 ni con el neoliberalismo a ultranza, ni con el colectivismo\nimpuesto por un r\u00e9gimen de partido \u00fanico. &nbsp;A esta fecha el hipot\u00e9tico universo electoral,\nestar\u00eda conformado mayoritariamente por personas de centro &#8211; izquierda. Esto\nexplicar\u00eda el rechazo que tiene el dise\u00f1o pol\u00edtico implementado por la alianza\nde partidos de la derecha chilena. <\/p>\n\n\n\n<p>Dar continuidad\na un dise\u00f1o que fracas\u00f3 estrepitosamente, s\u00f3lo servir\u00eda para alimentar una\nllama, que a\u00fan no acaba de apagarse. El descontento social, que llev\u00f3 al\nestallido, se cierne sobre este gobierno y sobre el gobierno futuro. La \u00fanica\nsoluci\u00f3n es buscar respuestas efectivas, concretas, viables. Es una\nresponsabilidad de todos los pol\u00edticos, y de la sociedad toda. No hay victoria\nalguna, en recibir un pa\u00eds destrozado y en llamas. Hay que evitar mas\nsufrimiento, evitar mas enfrentamiento. Sentar las bases de un consenso m\u00ednimo.\nEs la antesala de lo que construir\u00e1 en los pr\u00f3ximos a\u00f1os la constituyente. Pero\nes ineludible hacerlo ahora, no podemos hacer esperar a los que viven en la\ndesesperaci\u00f3n y la angustia. <\/p>\n\n\n\n<p>Las elecciones\nmostrar\u00e1n un camino. Pero no se puede esperar para resolver los problemas del\npa\u00eds. Una vez m\u00e1s, celebro aqu\u00ed el liderazgo de la presidenta del senado, que\nha encabezado el dialogo de la oposici\u00f3n con La Moneda. Es hora de la gran\npol\u00edtica, la que es capaz de construir acuerdos, y avanzar sin dejar de lado\nlas convicciones. Mas de alguna figura de la rancia pol\u00edtica populista, ha\npretendido enlodar este proceso, pero es el camino correcto. Es lo que Chile\nespera. Dejar de lado la confrontaci\u00f3n, la odiosidad, y dar paso al encuentro,\nal entendimiento amplio, para salir de la crisis.<\/p>\n\n\n\n<p>Ernesto Sep\u00falveda Tornero<\/p>\n","protected":false},"excerpt":{"rendered":"<p>&nbsp;&nbsp;&nbsp;&nbsp;&nbsp;&nbsp;&nbsp;&nbsp;&nbsp;&nbsp;&nbsp;&nbsp;&nbsp;&nbsp;&nbsp;&nbsp;&nbsp;&nbsp;&nbsp;&nbsp;&nbsp;&nbsp;&nbsp;&nbsp;&nbsp;&nbsp;&nbsp;&nbsp;&nbsp;&nbsp;&nbsp;&nbsp;&nbsp;&nbsp;&nbsp;&nbsp;&nbsp;&nbsp;&nbsp;&nbsp; &nbsp;Esta semana, la realidad super\u00f3 a la imaginaci\u00f3n. Por el lado menos esperado, vino la respuesta al conflicto pol\u00edtico del tercer retiro de fondos de pensiones. Ante un presidente&#8230; <a class=\"read-more\" href=\"https:\/\/www.radiopresidenteibanez.cl\/web\/una-semana-sorprendente-por-ernesto-sepulveda\/\">Leer m\u00e1s<\/a><\/p>\n","protected":false},"author":2,"featured_media":2310,"comment_status":"closed","ping_status":"closed","sticky":false,"template":"","format":"standard","meta":{"footnotes":""},"categories":[1],"tags":[],"class_list":["post-20461","post","type-post","status-publish","format-standard","has-post-thumbnail","hentry","category-cronica"],"_links":{"self":[{"href":"https:\/\/www.radiopresidenteibanez.cl\/web\/wp-json\/wp\/v2\/posts\/20461","targetHints":{"allow":["GET"]}}],"collection":[{"href":"https:\/\/www.radiopresidenteibanez.cl\/web\/wp-json\/wp\/v2\/posts"}],"about":[{"href":"https:\/\/www.radiopresidenteibanez.cl\/web\/wp-json\/wp\/v2\/types\/post"}],"author":[{"embeddable":true,"href":"https:\/\/www.radiopresidenteibanez.cl\/web\/wp-json\/wp\/v2\/users\/2"}],"replies":[{"embeddable":true,"href":"https:\/\/www.radiopresidenteibanez.cl\/web\/wp-json\/wp\/v2\/comments?post=20461"}],"version-history":[{"count":0,"href":"https:\/\/www.radiopresidenteibanez.cl\/web\/wp-json\/wp\/v2\/posts\/20461\/revisions"}],"wp:featuredmedia":[{"embeddable":true,"href":"https:\/\/www.radiopresidenteibanez.cl\/web\/wp-json\/wp\/v2\/media\/2310"}],"wp:attachment":[{"href":"https:\/\/www.radiopresidenteibanez.cl\/web\/wp-json\/wp\/v2\/media?parent=20461"}],"wp:term":[{"taxonomy":"category","embeddable":true,"href":"https:\/\/www.radiopresidenteibanez.cl\/web\/wp-json\/wp\/v2\/categories?post=20461"},{"taxonomy":"post_tag","embeddable":true,"href":"https:\/\/www.radiopresidenteibanez.cl\/web\/wp-json\/wp\/v2\/tags?post=20461"}],"curies":[{"name":"wp","href":"https:\/\/api.w.org\/{rel}","templated":true}]}}