{"id":20456,"date":"2021-05-02T04:00:00","date_gmt":"2021-05-02T04:00:00","guid":{"rendered":"https:\/\/www.radiopresidenteibanez.cl\/web\/?p=20456"},"modified":"2021-04-30T23:42:54","modified_gmt":"2021-04-30T23:42:54","slug":"francisco-sales-hoy-mas-que-nunca-decimos-que-si-es-posible-producir-frutas-y-verduras-en-magallanes-para-abastecer-el-mercado-regional","status":"publish","type":"post","link":"https:\/\/www.radiopresidenteibanez.cl\/web\/francisco-sales-hoy-mas-que-nunca-decimos-que-si-es-posible-producir-frutas-y-verduras-en-magallanes-para-abastecer-el-mercado-regional\/","title":{"rendered":"FRANCISCO SALES: \u201cHOY M\u00c1S QUE NUNCA DECIMOS QUE S\u00cd ES POSIBLE PRODUCIR FRUTAS Y VERDURAS EN MAGALLANES PARA ABASTECER EL MERCADO REGIONAL\u201d"},"content":{"rendered":"\n<p>La actual crisis\nsanitaria ha puesto en jaque los sistemas tradicionales de intercambio\ncomercial, incluso, actividades ordinarias como llevar a los ni\u00f1os al colegio,\nhan cambiado y est\u00e1n viviendo un proceso de adaptaci\u00f3n, tanto a nivel local\ncomo mundial.<\/p>\n\n\n\n<p>Atendiendo a esta\nrealidad y, en la b\u00fasqueda de nuevas estrategias para apoyar el desarrollo del\nsector agroalimentario de la regi\u00f3n, INIA Kampenaike, a trav\u00e9s de su programa\nde Agricultura Sustentable, busca generar nuevas formas de transferir y\ncapacitar a todos los agricultores de la regi\u00f3n en nuevas t\u00e9cnicas y herramientas,\npara aumentar de manera sustentable su producci\u00f3n.<\/p>\n\n\n\n<p>Con este prop\u00f3sito,\nse ha inaugurado una nueva infraestructura: el laboratorio m\u00f3vil, \u201cINIA sobre\nruedas\u201d, que acercar\u00e1 los conocimientos a todos los rincones de este austral\nterritorio.<\/p>\n\n\n\n<p>La nueva adquisici\u00f3n\ndel \u00e1rea hortofrut\u00edcola de INIA Kampenaike, est\u00e1 equipada con lupas, pantallas,\npupitres y todo tipo de elementos de ensayo e investigaci\u00f3n cient\u00edfica, para circular\npor las rutas y comunas de la regi\u00f3n. <\/p>\n\n\n\n<p>El director\nregional de INIA Kampenaike, Francisco Sales, junto con celebrar la llegada del\nINIA m\u00f3vil, se\u00f1al\u00f3 que \u201cesta nueva infraestructura, busca transmitirle a los\nagricultores y agricultoras de la regi\u00f3n que es posible tener una buena\nproducci\u00f3n de agro-alimentos en Magallanes, cuidando de usar la menor cantidad\nde qu\u00edmicos posibles y con buenos rendimientos. Hoy m\u00e1s que nunca decimos que\ns\u00ed es posible producir frutas y verduras en Magallanes para abastecer el\nmercado regional\u201d.<\/p>\n\n\n\n<p>El nuevo\nlaboratorio m\u00f3vil que viene a facilitar los desplazamientos y aforos\ndisponibles en medio de la crisis sanitaria, fue financiado gracias al apoyo\ndel Gobierno Regional con un monto aproximado de 23 millones de pesos.<\/p>\n\n\n\n<p>La intendenta, Jennifer\nRojas, se refiri\u00f3 a esta iniciativa destacando que este tipo de proyectos son\nnecesarios para incentivar y mejorar la econom\u00eda familiar y local. \u201cQuiero\nfelicitar al INIA por esta iniciativa, como gobierno regional seguiremos\napoyando este tipo de proyectos que van en directo desarrollo de la agricultura\ny la econom\u00eda de nuestra regi\u00f3n\u201d.<\/p>\n\n\n\n<p>Por su parte la encargada\ndel programa de Agricultura Sustentable, Claudia Mc Leod, expres\u00f3 que \u201cesta es\nun aula m\u00f3vil que nos permitir\u00e1 llevar las capacidades de transferencia\ntecnol\u00f3gica que tiene INIA, a los lugares m\u00e1s alejados de la regi\u00f3n. El\nobjetivo es hacer talleres de capacitaci\u00f3n, llegar a los ni\u00f1os de las escuelas\nrurales y no rurales, para que se interesen mucho m\u00e1s en la investigaci\u00f3n\ncient\u00edfica aplicada al campo, lo que ir\u00e1 en directa relaci\u00f3n con que en el\nfuturo haya m\u00e1s producci\u00f3n agr\u00edcola regional para abastecer el mercado local\u201d,\ndestac\u00f3 poniendo \u00e9nfasis en la necesidad de lograr en el corto plazo que la\nregi\u00f3n pueda autoabastecerse.<\/p>\n\n\n\n<p>El abastecimiento\nde productos esenciales, como las frutas y verduras, en las \u00faltimas semanas se\nhan visto afectadas por situaciones externas a la regi\u00f3n. Si bien el\nabastecimiento siempre ha sido un tema para la zona, ahora ha quedado de\nmanifiesto que, dada la pandemia del Covid-19, la situaci\u00f3n del abastecimiento\nde productos provenientes del norte del pa\u00eds, debe ser un tema relevante,\napuntando a la seguridad alimentaria de la poblaci\u00f3n de Magallanes.<\/p>\n\n\n\n<p>\u201cDe ah\u00ed la\ninsistencia de seguir generando como instituci\u00f3n proyectos e iniciativas que\nincentiven la producci\u00f3n agr\u00edcola y ganadera locales. Ejemplo de ello, es la\ntremenda labor que ejecuta el equipo de papas de INIA, gracias a la visi\u00f3n y\napoyo del gobierno regional, donde con cuatro hect\u00e1reas sembradas de papas\nsemillas y tecnolog\u00eda de punta, se ha logrado abastecer a todos los\nagricultores productores de papa de la regi\u00f3n, quienes ya est\u00e1n colocando su\nproducci\u00f3n en las principales cadenas de supermercados. Como tambi\u00e9n, en el\n\u00e1mbito ganadero, donde actualmente tenemos en marcha un proyecto financiado por\nFIA, que busca desarrollar un encadenamiento comercial local para la producci\u00f3n\nde ternera magall\u00e1nica, que se comercia en una de las carnicer\u00edas m\u00e1s\nimportantes de Magallanes\u201d, explic\u00f3 el director regional.<\/p>\n","protected":false},"excerpt":{"rendered":"<p>La actual crisis sanitaria ha puesto en jaque los sistemas tradicionales de intercambio comercial, incluso, actividades ordinarias como llevar a los ni\u00f1os al colegio, han cambiado y est\u00e1n viviendo un&#8230; <a class=\"read-more\" href=\"https:\/\/www.radiopresidenteibanez.cl\/web\/francisco-sales-hoy-mas-que-nunca-decimos-que-si-es-posible-producir-frutas-y-verduras-en-magallanes-para-abastecer-el-mercado-regional\/\">Leer m\u00e1s<\/a><\/p>\n","protected":false},"author":2,"featured_media":20458,"comment_status":"closed","ping_status":"closed","sticky":false,"template":"","format":"standard","meta":{"footnotes":""},"categories":[1],"tags":[],"class_list":["post-20456","post","type-post","status-publish","format-standard","has-post-thumbnail","hentry","category-cronica"],"_links":{"self":[{"href":"https:\/\/www.radiopresidenteibanez.cl\/web\/wp-json\/wp\/v2\/posts\/20456","targetHints":{"allow":["GET"]}}],"collection":[{"href":"https:\/\/www.radiopresidenteibanez.cl\/web\/wp-json\/wp\/v2\/posts"}],"about":[{"href":"https:\/\/www.radiopresidenteibanez.cl\/web\/wp-json\/wp\/v2\/types\/post"}],"author":[{"embeddable":true,"href":"https:\/\/www.radiopresidenteibanez.cl\/web\/wp-json\/wp\/v2\/users\/2"}],"replies":[{"embeddable":true,"href":"https:\/\/www.radiopresidenteibanez.cl\/web\/wp-json\/wp\/v2\/comments?post=20456"}],"version-history":[{"count":0,"href":"https:\/\/www.radiopresidenteibanez.cl\/web\/wp-json\/wp\/v2\/posts\/20456\/revisions"}],"wp:featuredmedia":[{"embeddable":true,"href":"https:\/\/www.radiopresidenteibanez.cl\/web\/wp-json\/wp\/v2\/media\/20458"}],"wp:attachment":[{"href":"https:\/\/www.radiopresidenteibanez.cl\/web\/wp-json\/wp\/v2\/media?parent=20456"}],"wp:term":[{"taxonomy":"category","embeddable":true,"href":"https:\/\/www.radiopresidenteibanez.cl\/web\/wp-json\/wp\/v2\/categories?post=20456"},{"taxonomy":"post_tag","embeddable":true,"href":"https:\/\/www.radiopresidenteibanez.cl\/web\/wp-json\/wp\/v2\/tags?post=20456"}],"curies":[{"name":"wp","href":"https:\/\/api.w.org\/{rel}","templated":true}]}}