{"id":20444,"date":"2021-05-02T03:45:00","date_gmt":"2021-05-02T03:45:00","guid":{"rendered":"https:\/\/www.radiopresidenteibanez.cl\/web\/?p=20444"},"modified":"2021-04-30T23:32:52","modified_gmt":"2021-04-30T23:32:52","slug":"autoridad-maritima-extiende-horario-de-cruce-en-primera-angostura","status":"publish","type":"post","link":"https:\/\/www.radiopresidenteibanez.cl\/web\/autoridad-maritima-extiende-horario-de-cruce-en-primera-angostura\/","title":{"rendered":"AUTORIDAD MAR\u00cdTIMA EXTIENDE HORARIO DE CRUCE EN PRIMERA ANGOSTURA"},"content":{"rendered":"\n<p>Tras el fin de la movilizaci\u00f3n del gremio de camiones, el cual manten\u00eda obstaculizada la intersecci\u00f3n que une la ruta CH 255 y 257, afectando el flujo hacia el Paso Internacional Monte Aymond y Primera Angostura, se establecieron medidas especiales para favorecer el flujo de carga entre el continente y Tierra del Fuego.<\/p>\n\n\n\n<p>Con este objetivo la Capitan\u00eda de Puerto de Punta Delgada, en coordinaci\u00f3n con personal de Aduanas Fronteriza, Seremi de Salud y empresas navieras, establecieron un horario extendido de funcionamiento de cruce y barrera sanitaria, la cual opera hasta las 22:00 horas.<\/p>\n\n\n\n<p>El Capit\u00e1n de Puerto de Punta Delgada, Suboficial Mayor Claudio Villarroel Guti\u00e9rrez, se\u00f1al\u00f3 \u201c<em>con el inicio de las operaciones de cruce, durante la primera jornada, se controlaron 162 camiones que cruzaron hacia Tierra del Fuego, todos de nacionalidad argentina, as\u00ed como 18 que cruzaron hacia el continente<\/em>\u201d, complementando que \u201c<em>producto de el alto flujo de camiones que cruzaron entre Punta Delgada y Bah\u00eda Azul a bordo de las naves que operan en Primera Angostura, reiteramos a los conductores, capitanes y dotaciones el cumplimiento de las disposiciones sanitarias vigentes en el actual contexto de emergencia sanitaria<\/em>\u201d.<\/p>\n\n\n\n<p>La Autoridad Mar\u00edtima estima que la normalidad y descongesti\u00f3n se alcanzar\u00e1 dentro de los pr\u00f3ximos tres d\u00edas, manteniendo de esta forma el despliegue de la dotaci\u00f3n de la Capitan\u00eda de Puerto de Punta Delgada en los puntos de control hasta superar la contingencia, cumpliendo con los protocolos establecidos y en coordinaci\u00f3n interagencial.<\/p>\n","protected":false},"excerpt":{"rendered":"<p>Tras el fin de la movilizaci\u00f3n del gremio de camiones, el cual manten\u00eda obstaculizada la intersecci\u00f3n que une la ruta CH 255 y 257, afectando el flujo hacia el Paso&#8230; <a class=\"read-more\" href=\"https:\/\/www.radiopresidenteibanez.cl\/web\/autoridad-maritima-extiende-horario-de-cruce-en-primera-angostura\/\">Leer m\u00e1s<\/a><\/p>\n","protected":false},"author":2,"featured_media":20445,"comment_status":"closed","ping_status":"closed","sticky":false,"template":"","format":"standard","meta":{"footnotes":""},"categories":[1],"tags":[],"class_list":["post-20444","post","type-post","status-publish","format-standard","has-post-thumbnail","hentry","category-cronica"],"_links":{"self":[{"href":"https:\/\/www.radiopresidenteibanez.cl\/web\/wp-json\/wp\/v2\/posts\/20444","targetHints":{"allow":["GET"]}}],"collection":[{"href":"https:\/\/www.radiopresidenteibanez.cl\/web\/wp-json\/wp\/v2\/posts"}],"about":[{"href":"https:\/\/www.radiopresidenteibanez.cl\/web\/wp-json\/wp\/v2\/types\/post"}],"author":[{"embeddable":true,"href":"https:\/\/www.radiopresidenteibanez.cl\/web\/wp-json\/wp\/v2\/users\/2"}],"replies":[{"embeddable":true,"href":"https:\/\/www.radiopresidenteibanez.cl\/web\/wp-json\/wp\/v2\/comments?post=20444"}],"version-history":[{"count":0,"href":"https:\/\/www.radiopresidenteibanez.cl\/web\/wp-json\/wp\/v2\/posts\/20444\/revisions"}],"wp:featuredmedia":[{"embeddable":true,"href":"https:\/\/www.radiopresidenteibanez.cl\/web\/wp-json\/wp\/v2\/media\/20445"}],"wp:attachment":[{"href":"https:\/\/www.radiopresidenteibanez.cl\/web\/wp-json\/wp\/v2\/media?parent=20444"}],"wp:term":[{"taxonomy":"category","embeddable":true,"href":"https:\/\/www.radiopresidenteibanez.cl\/web\/wp-json\/wp\/v2\/categories?post=20444"},{"taxonomy":"post_tag","embeddable":true,"href":"https:\/\/www.radiopresidenteibanez.cl\/web\/wp-json\/wp\/v2\/tags?post=20444"}],"curies":[{"name":"wp","href":"https:\/\/api.w.org\/{rel}","templated":true}]}}