{"id":20441,"date":"2021-05-03T03:45:00","date_gmt":"2021-05-03T03:45:00","guid":{"rendered":"https:\/\/www.radiopresidenteibanez.cl\/web\/?p=20441"},"modified":"2021-04-30T23:30:21","modified_gmt":"2021-04-30T23:30:21","slug":"inician-faenas-de-instalacion-de-planta-fotovoltaica-en-liceo-bicentenario-luis-alberto-barrera-de-punta-arenas","status":"publish","type":"post","link":"https:\/\/www.radiopresidenteibanez.cl\/web\/inician-faenas-de-instalacion-de-planta-fotovoltaica-en-liceo-bicentenario-luis-alberto-barrera-de-punta-arenas\/","title":{"rendered":"INICIAN FAENAS DE INSTALACI\u00d3N DE PLANTA FOTOVOLTAICA EN LICEO BICENTENARIO LUIS ALBERTO BARRERA DE PUNTA ARENAS"},"content":{"rendered":"\n<p>Con la posibilidad de\nacogerse a la Ley de Generaci\u00f3n Distribuida (Netbilling), quedar\u00e1 el Liceo\nBicentenario Luis Alberto Barrera de Punta Arenas, una vez concluida la instalaci\u00f3n\nde la planta fotovoltaica m\u00e1s grande de la regi\u00f3n.<\/p>\n\n\n\n<p>La medida de eficiencia\nenerg\u00e9tica inici\u00f3 hoy las faenas de instalaci\u00f3n de los 134 paneles que estar\u00e1n\ndispuestos en el techo de manera tal de aprovechar al m\u00e1ximo la trayectoria del\narco solar. <\/p>\n\n\n\n<p><strong>MEDIDAS\nINTEGRADAS<\/strong><\/p>\n\n\n\n<p>En la ocasi\u00f3n, el SEREMI (s)\nde Energ\u00eda de Magallanes, Carlos Olave Solar acompa\u00f1ado por el director del\nLiceo, V\u00edctor Mansilla Vera y el\nSecretario General de la Cormupa, Segundo \u00c1lvarez, inspeccionaron el\nemplazamiento y los materiales y equipos que se utilizar\u00e1n en la obra. <\/p>\n\n\n\n<p>Las\nautoridades regionales de Energ\u00eda y Educaci\u00f3n destacaron el proyecto que busca\nmejorar el status energ\u00e9tico de infraestructura p\u00fablica educacional y de salud\nde la regi\u00f3n. <\/p>\n\n\n\n<p>\u201cEstamos\nmejorando no s\u00f3lo la eficiencia energ\u00e9tica de escuelas, liceos y hospitales de\nMagallanes, sino tambi\u00e9n la calidad de vida de las comunidades beneficiarias,\ncomo lo es la del Luis Alberto Barrera\u201d, dijo el SEREMI Olave. &nbsp;&nbsp;&nbsp;<\/p>\n\n\n\n<p>La autoridad regional (s) de\nEnerg\u00eda detall\u00f3 que a la planta fotovoltaica se sumar\u00e1n otras dos medidas de\neficiencia energ\u00e9tica: acondicionamiento t\u00e9rmico de la envolvente y recambio de\nluces a luminaria LED. <\/p>\n\n\n\n<p>\u201cMedidas que en conjunto e\nintegradamente pronto comenzar\u00e1n a operar contribuyendo as\u00ed a alcanzar los\nobjetivos que como pa\u00eds y como Gobierno nos hemos propuesto en materia de\ndescarbonizaci\u00f3n, reducci\u00f3n de emisiones contaminantes y carbono neutralidad,\nen el marco de la transici\u00f3n energ\u00e9tica que estamos llevando adelante\u201d, subray\u00f3\nOlave, quien aprovech\u00f3 de resaltar en esta misma l\u00ednea, el anuncio del Ministro\nJuan Carlos Jobet donde sostuvo que Chile hacia el 2025 habr\u00e1 retirado el 50%\nde sus centrales a carb\u00f3n.&nbsp;&nbsp;&nbsp; <\/p>\n\n\n\n<p>En tanto, el director V\u00edctor\nMansilla, agradeci\u00f3 el esfuerzo conjunto entre la Cormupa, la SEREMI de\nEnerg\u00eda, la Agencia de Sostenibilidad Energ\u00e9tica y el Gobierno Regional para\nimplementar el proyecto de planta fotovoltaica m\u00e1s grande de Magallanes. <\/p>\n\n\n\n<p>\u201cComo comunidad educativa, nos\nsumamos a los agradecimientos por el trabajo que el Ministerio de Energ\u00eda, la\nAgencia de Sostenibilidad Energ\u00e9tica y el GORE Magallanes hicieron para materializar\nesta idea de modernizaci\u00f3n energ\u00e9tica para nuestro liceo. S\u00f3lo tengo palabras\nde agradecimiento\u201d, dijo Mansilla.&nbsp; <\/p>\n\n\n\n<p>Por su parte, el Secretario\nde la Cormupa, Segundo \u00c1lvarez, complement\u00f3 que la iniciativa que hoy parte sus\nfaenas \u201cpor un lado alivia y ayuda a administrar mejor los recursos\neducacionales y, por otro, disminuye el impacto ambiental creando conciencia de\nello entre los alumnos, profesores, directivos, padres y apoderados\u201d. &nbsp;&nbsp;&nbsp;&nbsp;<\/p>\n\n\n\n<p><strong>ASPECTOS\nT\u00c9CNICOS DEL PROYECTO<\/strong><\/p>\n\n\n\n<p>La planta fotovoltaica una vez que entre en funcionamiento estar\u00e1\nconectada a la red el\u00e9ctrica e inyectar sus excedentes energ\u00e9ticos al sistema\ntal como lo se\u00f1ala la Ley de Generaci\u00f3n Distribuida.<\/p>\n\n\n\n<p>Este proyecto forma parte del Programa de Eficiencia Energ\u00e9tica\ndesarrollado por la Secretar\u00eda Regional de Energ\u00eda de Magallanes; cuenta con el\nfinanciamiento del Gobierno Regional y es ejecutado por la Agencia de\nSostenibilidad Energ\u00e9tica (AgenciaSE). <\/p>\n\n\n\n<p>Luego de entrar en r\u00e9gimen, supondr\u00e1 ahorros anuales estimados en 3\nmillones de pesos. <\/p>\n\n\n\n<figure class=\"wp-block-table\"><table class=\"\"><tbody><tr><td>\n  <strong>Planta instalada <\/strong>\n  <\/td><td>\n  1 unidad\n  <\/td><td>\n  Sistema de panel\n  <\/td><td>\n  Netbilling\n  <\/td><\/tr><tr><td>\n  <strong>Potencia total\n  paneles<\/strong>\n  <\/td><td>\n  46,56 Kwp\n  <\/td><td>\n  Producto\n  <\/td><td>\n  M\u00f3dulo fotovoltaico\n  <\/td><\/tr><tr><td>\n  <strong>Potencia inversor<\/strong>\n  <\/td><td>\n  50 Kw\n  <\/td><td>\n  Marca\n  <\/td><td>\n  Amerisolar\n  <\/td><\/tr><tr><td>\n  <strong>Marca Inversor<\/strong>\n  <\/td><td>\n  Solis Kw\n  <\/td><td>\n  N\u00famero de paneles\n  <\/td><td>\n  134 unidades\n  <\/td><\/tr><tr><td>\n  <strong>Potencia declarada<\/strong>\n  <\/td><td>\n  50 Kw\n  <\/td><td>\n  &nbsp;\n  <\/td><td>\n  &nbsp;\n  <\/td><\/tr><\/tbody><\/table><\/figure>\n","protected":false},"excerpt":{"rendered":"<p>Con la posibilidad de acogerse a la Ley de Generaci\u00f3n Distribuida (Netbilling), quedar\u00e1 el Liceo Bicentenario Luis Alberto Barrera de Punta Arenas, una vez concluida la instalaci\u00f3n de la planta&#8230; <a class=\"read-more\" href=\"https:\/\/www.radiopresidenteibanez.cl\/web\/inician-faenas-de-instalacion-de-planta-fotovoltaica-en-liceo-bicentenario-luis-alberto-barrera-de-punta-arenas\/\">Leer m\u00e1s<\/a><\/p>\n","protected":false},"author":2,"featured_media":20442,"comment_status":"closed","ping_status":"closed","sticky":false,"template":"","format":"standard","meta":{"footnotes":""},"categories":[1],"tags":[],"class_list":["post-20441","post","type-post","status-publish","format-standard","has-post-thumbnail","hentry","category-cronica"],"_links":{"self":[{"href":"https:\/\/www.radiopresidenteibanez.cl\/web\/wp-json\/wp\/v2\/posts\/20441","targetHints":{"allow":["GET"]}}],"collection":[{"href":"https:\/\/www.radiopresidenteibanez.cl\/web\/wp-json\/wp\/v2\/posts"}],"about":[{"href":"https:\/\/www.radiopresidenteibanez.cl\/web\/wp-json\/wp\/v2\/types\/post"}],"author":[{"embeddable":true,"href":"https:\/\/www.radiopresidenteibanez.cl\/web\/wp-json\/wp\/v2\/users\/2"}],"replies":[{"embeddable":true,"href":"https:\/\/www.radiopresidenteibanez.cl\/web\/wp-json\/wp\/v2\/comments?post=20441"}],"version-history":[{"count":0,"href":"https:\/\/www.radiopresidenteibanez.cl\/web\/wp-json\/wp\/v2\/posts\/20441\/revisions"}],"wp:featuredmedia":[{"embeddable":true,"href":"https:\/\/www.radiopresidenteibanez.cl\/web\/wp-json\/wp\/v2\/media\/20442"}],"wp:attachment":[{"href":"https:\/\/www.radiopresidenteibanez.cl\/web\/wp-json\/wp\/v2\/media?parent=20441"}],"wp:term":[{"taxonomy":"category","embeddable":true,"href":"https:\/\/www.radiopresidenteibanez.cl\/web\/wp-json\/wp\/v2\/categories?post=20441"},{"taxonomy":"post_tag","embeddable":true,"href":"https:\/\/www.radiopresidenteibanez.cl\/web\/wp-json\/wp\/v2\/tags?post=20441"}],"curies":[{"name":"wp","href":"https:\/\/api.w.org\/{rel}","templated":true}]}}