{"id":20429,"date":"2021-05-03T02:45:00","date_gmt":"2021-05-03T02:45:00","guid":{"rendered":"https:\/\/www.radiopresidenteibanez.cl\/web\/?p=20429"},"modified":"2021-04-30T23:14:02","modified_gmt":"2021-04-30T23:14:02","slug":"marisol-villegas-nunez-directora-regional-s-la-reposicion-total-del-jardin-infantil-villa-austral-es-un-orgullo-para-la-junji","status":"publish","type":"post","link":"https:\/\/www.radiopresidenteibanez.cl\/web\/marisol-villegas-nunez-directora-regional-s-la-reposicion-total-del-jardin-infantil-villa-austral-es-un-orgullo-para-la-junji\/","title":{"rendered":"MARISOL VILLEGAS N\u00da\u00d1EZ, DIRECTORA REGIONAL (S)   \u201cLA REPOSICI\u00d3N TOTAL DEL JARD\u00cdN INFANTIL \u2018VILLA AUSTRAL\u2019 ES UN ORGULLO PARA LA JUNJI\u201d"},"content":{"rendered":"\n<p>Al 21 de abril de 2021 la reposici\u00f3n total del establecimiento \u201cVilla Austral\u201d de Punta Arenas, ubicado en Karukinka 060 y administrado por la Junta Nacional de Jardines Infantiles (JUNJI), alcanzaba un avance de 76,89%, seg\u00fan lo informado en una reuni\u00f3n \u201cSomos Vecinos\u201d con la comunidad educativa de la unidad, por el encargado regional de Construcci\u00f3n y Mantenci\u00f3n de Espacios Educativos de la instituci\u00f3n, el arquitecto Sebasti\u00e1n Ponce Cerda.<\/p>\n\n\n\n<p>El encuentro, organizado por la Unidad de Participaci\u00f3n Ciudadana, fue hecho de manera remota por Microsoft Teams y cont\u00f3 con la presencia del pleno del equipo pedag\u00f3gico de \u201cVilla Austral\u201d y madres, padres y apoderados.<\/p>\n\n\n\n<p>Sebasti\u00e1n Ponce dijo que la inversi\u00f3n de este proyecto supera los $2.043 millones e implicar\u00e1 aumentar en un nivel medio el servicio, con lo que se completar\u00e1n cuatro salas cuna y cuatro niveles medios, con una capacidad total que sube de 158 a 192 ni\u00f1as y ni\u00f1os. La superficie construida aumenta de 839 metros cuadrados a 1.292 metros cuadrados.<\/p>\n\n\n\n<p>El urbanista de la JUNJI apoy\u00f3 su presentaci\u00f3n con un Power Point, en la que destac\u00f3 la luminosidad que ingresar\u00e1 al nuevo edificio, el cambio total de los espacios educativos, los colores, todo de acuerdo con las exigencias del Ministerio de Educaci\u00f3n para que \u201cVilla Austral\u201d obtenga Reconocimiento Oficial.<\/p>\n\n\n\n<p>La directora del recinto, la educadora Sterlina Fuentealba Illesca, destac\u00f3 la renovada entrada de luz comparada con el antiguo edificio, que resultaba muy oscuro. \u201cLos patios ser\u00e1n muy hermosos. Se trata de una propuesta de acuerdo con los est\u00e1ndares de trabajo con los p\u00e1rvulos\u201d, agreg\u00f3.<\/p>\n\n\n\n<p>La apoderada de Medio Menor y madre de Tom\u00e1s, Javiera Marihueico, forma parte de la comunidad educativa desde 2019 y destaca al personal de la JUNJI por su calidad humana. \u201cMe gustaba el edificio antiguo, pero es una felicidad tener nueva infraestructura, es una grata noticia. Espero que luego termine la pandemia para poder disfrutar\u201d, asever\u00f3.<\/p>\n\n\n\n<p>La apoderada y t\u00e9cnica en educaci\u00f3n parvularia, Claudia Soto, dijo estar muy contenta porque al jard\u00edn infantil antiguo le faltaba vida. \u201cCreo que la construcci\u00f3n entrega otra imagen al sector poblacional\u201d, enfatiz\u00f3.<\/p>\n\n\n\n<p>El apoderado de Ema, de la Sala Cuna Menor, Rodrigo Sotomayor, dijo que \u201cestoy lleno de alegr\u00eda por el nuevo jard\u00edn infantil. La construcci\u00f3n es excelente y agradezco a la JUNJI por ella\u201d.<\/p>\n\n\n\n<p>La Directora Regional (S) de la JUNJI de Magallanes y de la Ant\u00e1rtica Chilena, la educadora Marisol Villegas N\u00fa\u00f1ez, agradeci\u00f3 a todas y todos los que fueron parte de la reuni\u00f3n informativa \u201cSomos vecinos\u201d. \u201cEs importante conversar y conocer las distintas inquietudes que tenga toda la comunidad educativa. Para nuestra instituci\u00f3n la reposici\u00f3n total del Jard\u00edn Infantil \u2018Villa Austral\u2019 es un orgullo, una tarea que ha demandado una entrega total por un largo tiempo, la que se necesitaba y estar\u00e1 lista dentro de 2021\u201d, concluy\u00f3.<\/p>\n","protected":false},"excerpt":{"rendered":"<p>Al 21 de abril de 2021 la reposici\u00f3n total del establecimiento \u201cVilla Austral\u201d de Punta Arenas, ubicado en Karukinka 060 y administrado por la Junta Nacional de Jardines Infantiles (JUNJI),&#8230; <a class=\"read-more\" href=\"https:\/\/www.radiopresidenteibanez.cl\/web\/marisol-villegas-nunez-directora-regional-s-la-reposicion-total-del-jardin-infantil-villa-austral-es-un-orgullo-para-la-junji\/\">Leer m\u00e1s<\/a><\/p>\n","protected":false},"author":2,"featured_media":20430,"comment_status":"closed","ping_status":"closed","sticky":false,"template":"","format":"standard","meta":{"footnotes":""},"categories":[1],"tags":[],"class_list":["post-20429","post","type-post","status-publish","format-standard","has-post-thumbnail","hentry","category-cronica"],"_links":{"self":[{"href":"https:\/\/www.radiopresidenteibanez.cl\/web\/wp-json\/wp\/v2\/posts\/20429","targetHints":{"allow":["GET"]}}],"collection":[{"href":"https:\/\/www.radiopresidenteibanez.cl\/web\/wp-json\/wp\/v2\/posts"}],"about":[{"href":"https:\/\/www.radiopresidenteibanez.cl\/web\/wp-json\/wp\/v2\/types\/post"}],"author":[{"embeddable":true,"href":"https:\/\/www.radiopresidenteibanez.cl\/web\/wp-json\/wp\/v2\/users\/2"}],"replies":[{"embeddable":true,"href":"https:\/\/www.radiopresidenteibanez.cl\/web\/wp-json\/wp\/v2\/comments?post=20429"}],"version-history":[{"count":0,"href":"https:\/\/www.radiopresidenteibanez.cl\/web\/wp-json\/wp\/v2\/posts\/20429\/revisions"}],"wp:featuredmedia":[{"embeddable":true,"href":"https:\/\/www.radiopresidenteibanez.cl\/web\/wp-json\/wp\/v2\/media\/20430"}],"wp:attachment":[{"href":"https:\/\/www.radiopresidenteibanez.cl\/web\/wp-json\/wp\/v2\/media?parent=20429"}],"wp:term":[{"taxonomy":"category","embeddable":true,"href":"https:\/\/www.radiopresidenteibanez.cl\/web\/wp-json\/wp\/v2\/categories?post=20429"},{"taxonomy":"post_tag","embeddable":true,"href":"https:\/\/www.radiopresidenteibanez.cl\/web\/wp-json\/wp\/v2\/tags?post=20429"}],"curies":[{"name":"wp","href":"https:\/\/api.w.org\/{rel}","templated":true}]}}