{"id":20422,"date":"2021-05-02T02:45:00","date_gmt":"2021-05-02T02:45:00","guid":{"rendered":"https:\/\/www.radiopresidenteibanez.cl\/web\/?p=20422"},"modified":"2021-04-30T23:05:52","modified_gmt":"2021-04-30T23:05:52","slug":"test-de-antigenos-para-personas-sintomaticas-se-implemento-en-todas-las-provincias-de-magallanes","status":"publish","type":"post","link":"https:\/\/www.radiopresidenteibanez.cl\/web\/test-de-antigenos-para-personas-sintomaticas-se-implemento-en-todas-las-provincias-de-magallanes\/","title":{"rendered":"TEST DE ANT\u00cdGENOS PARA PERSONAS SINTOM\u00c1TICAS SE IMPLEMENT\u00d3 EN TODAS LAS PROVINCIAS DE MAGALLANES"},"content":{"rendered":"\n<p>En el marco de la\nimplementaci\u00f3n del test de ant\u00edgeno en&nbsp;\nlos centros de salud y atenci\u00f3n de urgencia de la regi\u00f3n,&nbsp; el equipo de la estrategia de Testeo, Trazabilidad\ny Aislamiento de la Seremi de Salud Magallanes, se despleg\u00f3 en las provincias\nde \u00daltima Esperanza, Tierra del Fuego y Ant\u00e1rtica para capacitar al personal de\nsalud del Cesfam Juan L\u00f3zic, Hospital Marcos Chamorro y Hospital Comunitario\nCristina Calder\u00f3n y poder&nbsp;&nbsp; as\u00ed\nimplementar esta modalidad&nbsp; que es&nbsp; similar al conocido examen de PCR, pero que\nentrega diagn\u00f3stico en menos de media hora. <\/p>\n\n\n\n<p>Al respecto, el Dr. Gustavo\nAlm\u00e1rcegui, encargado regional de la estrategia de Testeo, Trazabilidad y\nAislamiento se\u00f1al\u00f3 que: \u201cFue una capacitaci\u00f3n simult\u00e1nea en los centros de\nsalud para implementar el test de ant\u00edgeno, esperamos a futuro continuar con\nm\u00e1s centros de salud.&nbsp; Adem\u00e1s, se\naprovech\u00f3 de realizar una revisi\u00f3n de los procesos en las provincias, para ver\ntodas las aristas de la estrategia\u201d. <\/p>\n\n\n\n<p>Recordar que este test es\npara personas sintom\u00e1ticas, es decir, se implementa en Servicios de Urgencia y\nser\u00e1 indicado por m\u00e9dicos quienes decidir\u00e1n de acuerdo a las caracter\u00edsticas\ncl\u00ednicas del paciente y criterios m\u00e9dicos, realizar el test de ant\u00edgeno o PCR. <\/p>\n\n\n\n<p>Su modalidad es similar a la\ndel PCR, es decir, a trav\u00e9s de un hisopado nasofar\u00edngeo, entrega un resultado\ndiagn\u00f3stico confirmatorio en un tiempo reducido, permitiendo mejorar los\ntiempos de respuesta, trazar y aislar oportunamente al caso positivo y detener\nla cadena de transmisi\u00f3n.<\/p>\n\n\n\n<p>El Dr. Eliseo Fuentes,\nsubdirector m\u00e9dico del Hospital Marcos Chamorro de Porvenir, recalc\u00f3 que\n\u201cDurante los d\u00edas 27 y 28 de abril se inici\u00f3 el testo con esta t\u00e9cnica, siendo\nun proceso \u00e1gil e importante, teniendo en consideraci\u00f3n la vigencia de la\npandemia y este nuevo episodio que estamos viviendo en todo el pa\u00eds. Con esto,\nya no ser\u00e1 necesario enviar muestras a Punta Arenas, pudiendo iniciar el\nproceso aislamiento y trazabilidad de forma precoz\u201d. <\/p>\n\n\n\n<p>Paralelamente se realiz\u00f3 la\nvalidaci\u00f3n y&nbsp; capacitaci\u00f3n&nbsp; en el uso del ant\u00edgeno en el Cesfam. Dr. Juan\nLozic de Puerto Natales y en el Hospital&nbsp;\nComunitario Cristina Calder\u00f3n. <\/p>\n","protected":false},"excerpt":{"rendered":"<p>En el marco de la implementaci\u00f3n del test de ant\u00edgeno en&nbsp; los centros de salud y atenci\u00f3n de urgencia de la regi\u00f3n,&nbsp; el equipo de la estrategia de Testeo, Trazabilidad&#8230; <a class=\"read-more\" href=\"https:\/\/www.radiopresidenteibanez.cl\/web\/test-de-antigenos-para-personas-sintomaticas-se-implemento-en-todas-las-provincias-de-magallanes\/\">Leer m\u00e1s<\/a><\/p>\n","protected":false},"author":2,"featured_media":20423,"comment_status":"closed","ping_status":"closed","sticky":false,"template":"","format":"standard","meta":{"footnotes":""},"categories":[1],"tags":[],"class_list":["post-20422","post","type-post","status-publish","format-standard","has-post-thumbnail","hentry","category-cronica"],"_links":{"self":[{"href":"https:\/\/www.radiopresidenteibanez.cl\/web\/wp-json\/wp\/v2\/posts\/20422","targetHints":{"allow":["GET"]}}],"collection":[{"href":"https:\/\/www.radiopresidenteibanez.cl\/web\/wp-json\/wp\/v2\/posts"}],"about":[{"href":"https:\/\/www.radiopresidenteibanez.cl\/web\/wp-json\/wp\/v2\/types\/post"}],"author":[{"embeddable":true,"href":"https:\/\/www.radiopresidenteibanez.cl\/web\/wp-json\/wp\/v2\/users\/2"}],"replies":[{"embeddable":true,"href":"https:\/\/www.radiopresidenteibanez.cl\/web\/wp-json\/wp\/v2\/comments?post=20422"}],"version-history":[{"count":0,"href":"https:\/\/www.radiopresidenteibanez.cl\/web\/wp-json\/wp\/v2\/posts\/20422\/revisions"}],"wp:featuredmedia":[{"embeddable":true,"href":"https:\/\/www.radiopresidenteibanez.cl\/web\/wp-json\/wp\/v2\/media\/20423"}],"wp:attachment":[{"href":"https:\/\/www.radiopresidenteibanez.cl\/web\/wp-json\/wp\/v2\/media?parent=20422"}],"wp:term":[{"taxonomy":"category","embeddable":true,"href":"https:\/\/www.radiopresidenteibanez.cl\/web\/wp-json\/wp\/v2\/categories?post=20422"},{"taxonomy":"post_tag","embeddable":true,"href":"https:\/\/www.radiopresidenteibanez.cl\/web\/wp-json\/wp\/v2\/tags?post=20422"}],"curies":[{"name":"wp","href":"https:\/\/api.w.org\/{rel}","templated":true}]}}