{"id":20419,"date":"2021-05-03T02:30:00","date_gmt":"2021-05-03T02:30:00","guid":{"rendered":"https:\/\/www.radiopresidenteibanez.cl\/web\/?p=20419"},"modified":"2021-04-30T23:04:08","modified_gmt":"2021-04-30T23:04:08","slug":"brigada-canina-de-sag-magallanes-cuenta-con-nueva-integrante","status":"publish","type":"post","link":"https:\/\/www.radiopresidenteibanez.cl\/web\/brigada-canina-de-sag-magallanes-cuenta-con-nueva-integrante\/","title":{"rendered":"BRIGADA CANINA DE SAG MAGALLANES CUENTA CON NUEVA INTEGRANTE"},"content":{"rendered":"\n<p>Tras la firma\noficial del contrato de donaci\u00f3n suscrito entre la Agrupaci\u00f3n Vida y SAG\nMagallanes, la Brigada Canina (BriCan) del Servicio cuenta con una nueva\nintegrante que reforzar\u00e1 la importante labor de protecci\u00f3n del patrimonio fito\ny zoo sanitario que realiza la instituci\u00f3n en los diversos controles fronterizos\na\u00e9reos, terrestres y mar\u00edtimos de la regi\u00f3n. <\/p>\n\n\n\n<p>Se trata de la\ncan mestiza Lu, quien con s\u00f3lo un a\u00f1o y cinco meses de edad, y tras haber\naprobado todas las etapas del proceso de selecci\u00f3n, hoy ya cuenta con la\ncapacidad de detectar 12 olores de productos que SAG intercepta para evitar el\ningreso de plagas y enfermedades que pueden poner en riesgo los recursos\nsilvoagropecuarios del pa\u00eds. <\/p>\n\n\n\n<p>Margarita C\u00e1ceres\nVera, presidenta de la Agrupaci\u00f3n Vida, se refiri\u00f3 al nuevo rumbo que\nemprender\u00e1 esta cachorra, se\u00f1alando que \u201cpara nosotros significa mucha alegr\u00eda\ny mucho orgullo, saber y el ver que perros mestizos, que vivieron en la calle,\nlogran pasar etapas de entrenamiento para poder trabajar en la Brigada Canina\ndel SAG. As\u00ed que estamos muy contentas y sobre todo agradecidas por la\ninstancia de la instituci\u00f3n de incorporar perros mestizos a su brigada\u201d.<\/p>\n\n\n\n<p>Respecto del\nproceso de selecci\u00f3n y evaluaci\u00f3n de candidatos, Christian von Moltke,\nencargado regional de la unidad de control frontera de SAG Magallanes, se\u00f1al\u00f3\nque los canes seleccionados deben pasar por un primer proceso de evaluaci\u00f3n\nconductual y veterinaria, para luego, mediante el juego, ser entrenados para\ndetectar olores de productos de inter\u00e9s del Servicio. \u201cEn este momento, Lu\ntiene los 12 olores que son los obligatorios de la etapa tres del\nentrenamiento. La idea es que con el paso de los a\u00f1os lleguemos a un total de\n40 olores que son los de mayor incidencia de ingreso en la regi\u00f3n.<\/p>\n\n\n\n<p>Por su parte, Gerardo\nOtzen Martinic, director regional de SAG Magallanes explic\u00f3 que el 50%, es\ndecir, 3 de los 6 canes que hoy componen la Brigada Canina de SAG Magallanes,\nhan ingresado por medio de la donaci\u00f3n de este grupo de<strong> <\/strong>voluntarios\nindependientes por los derechos animales, destacando el hecho de que se\ntrata de canes de la calle, y que gracias a la labor desinteresada que realiza\nque la Agrupaci\u00f3n Vida, hoy forman parte de la instituci\u00f3n y contribuyen a la\nimportante misi\u00f3n de proteger los recursos naturales y silvoagropecuarios del\npa\u00eds. <\/p>\n\n\n\n<p>Cabe se\u00f1alar, que\nLu ingres\u00f3 al programa de selecci\u00f3n de canes para la Brigada Canina, BriCan SAG, en\nel marco del Convenio de Colaboraci\u00f3n entre el Servicio Agr\u00edcola y Ganadero y\nla Subsecretar\u00eda de Desarrollo Regional y Administrativo.<\/p>\n","protected":false},"excerpt":{"rendered":"<p>Tras la firma oficial del contrato de donaci\u00f3n suscrito entre la Agrupaci\u00f3n Vida y SAG Magallanes, la Brigada Canina (BriCan) del Servicio cuenta con una nueva integrante que reforzar\u00e1 la&#8230; <a class=\"read-more\" href=\"https:\/\/www.radiopresidenteibanez.cl\/web\/brigada-canina-de-sag-magallanes-cuenta-con-nueva-integrante\/\">Leer m\u00e1s<\/a><\/p>\n","protected":false},"author":2,"featured_media":20420,"comment_status":"closed","ping_status":"closed","sticky":false,"template":"","format":"standard","meta":{"footnotes":""},"categories":[1],"tags":[],"class_list":["post-20419","post","type-post","status-publish","format-standard","has-post-thumbnail","hentry","category-cronica"],"_links":{"self":[{"href":"https:\/\/www.radiopresidenteibanez.cl\/web\/wp-json\/wp\/v2\/posts\/20419","targetHints":{"allow":["GET"]}}],"collection":[{"href":"https:\/\/www.radiopresidenteibanez.cl\/web\/wp-json\/wp\/v2\/posts"}],"about":[{"href":"https:\/\/www.radiopresidenteibanez.cl\/web\/wp-json\/wp\/v2\/types\/post"}],"author":[{"embeddable":true,"href":"https:\/\/www.radiopresidenteibanez.cl\/web\/wp-json\/wp\/v2\/users\/2"}],"replies":[{"embeddable":true,"href":"https:\/\/www.radiopresidenteibanez.cl\/web\/wp-json\/wp\/v2\/comments?post=20419"}],"version-history":[{"count":0,"href":"https:\/\/www.radiopresidenteibanez.cl\/web\/wp-json\/wp\/v2\/posts\/20419\/revisions"}],"wp:featuredmedia":[{"embeddable":true,"href":"https:\/\/www.radiopresidenteibanez.cl\/web\/wp-json\/wp\/v2\/media\/20420"}],"wp:attachment":[{"href":"https:\/\/www.radiopresidenteibanez.cl\/web\/wp-json\/wp\/v2\/media?parent=20419"}],"wp:term":[{"taxonomy":"category","embeddable":true,"href":"https:\/\/www.radiopresidenteibanez.cl\/web\/wp-json\/wp\/v2\/categories?post=20419"},{"taxonomy":"post_tag","embeddable":true,"href":"https:\/\/www.radiopresidenteibanez.cl\/web\/wp-json\/wp\/v2\/tags?post=20419"}],"curies":[{"name":"wp","href":"https:\/\/api.w.org\/{rel}","templated":true}]}}