{"id":20405,"date":"2021-05-03T02:00:00","date_gmt":"2021-05-03T02:00:00","guid":{"rendered":"https:\/\/www.radiopresidenteibanez.cl\/web\/?p=20405"},"modified":"2021-04-30T22:45:51","modified_gmt":"2021-04-30T22:45:51","slug":"alcalde-de-natales-presento-su-ultima-cuenta-publica-despues-de-tres-periodos-de-gestion","status":"publish","type":"post","link":"https:\/\/www.radiopresidenteibanez.cl\/web\/alcalde-de-natales-presento-su-ultima-cuenta-publica-despues-de-tres-periodos-de-gestion\/","title":{"rendered":"ALCALDE DE NATALES PRESENT\u00d3 SU \u00daLTIMA CUENTA P\u00daBLICA DESPU\u00c9S DE TRES PER\u00cdODOS DE GESTI\u00d3N"},"content":{"rendered":"\n<p>De acuerdo al\nart\u00edculo 67 de la ley N\u00b018.695, los alcaldes deben dar cuenta p\u00fablica a m\u00e1s tardar\nen el mes de abril de cada a\u00f1o, respecto a la gesti\u00f3n anual de la marcha\ngeneral de la municipalidad, presentando los detalles obligatoriamente al\nConcejo Municipal, Consejo Comunal de la Organizaciones de la Sociedad Civil y\nConsejo de Seguridad P\u00fablica. <\/p>\n\n\n\n<p>Debido a la\nemergencia sanitaria que afronta la comuna, la m\u00e1xima autoridad comunal,\nFernando Paredes Mansilla, realiz\u00f3 la presentaci\u00f3n de la cuenta p\u00fablica del a\u00f1o\n2020 en formato digital, acompa\u00f1ado de los representantes de las organizaciones\ncomunitarias y tambi\u00e9n, de manera opcional se transmiti\u00f3 en vivo a trav\u00e9s de\nlas redes sociales del municipio para el conocimiento de la comunidad en\ngeneral.<\/p>\n\n\n\n<p>Despu\u00e9s de dos horas de transmisi\u00f3n sobre la\ncuenta p\u00fablica del a\u00f1o 2020, el alcalde de Natales enfatiz\u00f3 en tres puntos que\nmarcaron su gesti\u00f3n en el \u00faltimo a\u00f1o, que corresponde a la construcci\u00f3n de 159\nviviendas para las familias m\u00e1s vulnerables de Puerto Natales gracias al\ntrabajo mancomunado de la Entidad Patrocinante del Municipio con el Ministerio\nde Vivienda y Urbanismo, la adquisici\u00f3n de 8 hect\u00e1reas para entregar futuras\nsoluciones habitacionales en la ciudad y las 19 mil ayudas sociales entregadas\na la poblaci\u00f3n afectada por la pandemia del COVID-19.<\/p>\n\n\n\n<p>Adem\u00e1s, el\njefe comunal valor\u00f3 que terminar\u00e1 su gesti\u00f3n con el 100% de las calles\npavimentadas de Puerto Natales, obras que mejoraron considerablemente la\ncalidad de vida de los habitantes de la ciudad y tambi\u00e9n la conectividad entre\nun sector y otro. <\/p>\n\n\n\n<p>La inversi\u00f3n\np\u00fablica ejecutada durante el a\u00f1o 2020 en la comuna de Natales fue superior a\nlos 19 mil millones de pesos, destacando \u00e1reas como la Direcci\u00f3n de Desarrollo\nComunitario con una inversi\u00f3n de mil 457 millones de pesos, Salud y Educaci\u00f3n\ncon una inversi\u00f3n de 2 mil 100 millones de pesos y Proyectos en Infraestructura\nP\u00fablica con una inversi\u00f3n superior a los 15 mil millones de pesos.<\/p>\n\n\n\n<p>En la cuenta\np\u00fablica se entreg\u00f3 adem\u00e1s, informaci\u00f3n sobre el balance presupuestario y\nsituaci\u00f3n financiera de la municipalidad, resumen de auditor\u00edas, sumarios,\njuicios, gesti\u00f3n anual del Plan de Seguridad P\u00fablica, aplicaci\u00f3n de pol\u00edticas\nde recursos humanos, convenios celebrados con otras instituciones, patrimonio\nmunicipal, desarrollo local, medio ambiente, aseo y ornato y hechos relevantes\ndesarrollados por los distintos departamentos y unidades del municipio durante\nel a\u00f1o 2020. <\/p>\n\n\n\n<p>Finalmente, el\nalcalde Fernando Paredes Mansilla agradeci\u00f3 a todos los funcionarios\nmunicipales, concejo municipal, consejeros regionales de la provincia de \u00daltima\nEsperanza, Gobierno Regional, Consejo Regional de Magallanes y tantas otras\nentidades que apoyaron y confiaron en la gesti\u00f3n municipal. <\/p>\n","protected":false},"excerpt":{"rendered":"<p>De acuerdo al art\u00edculo 67 de la ley N\u00b018.695, los alcaldes deben dar cuenta p\u00fablica a m\u00e1s tardar en el mes de abril de cada a\u00f1o, respecto a la gesti\u00f3n&#8230; <a class=\"read-more\" href=\"https:\/\/www.radiopresidenteibanez.cl\/web\/alcalde-de-natales-presento-su-ultima-cuenta-publica-despues-de-tres-periodos-de-gestion\/\">Leer m\u00e1s<\/a><\/p>\n","protected":false},"author":2,"featured_media":20406,"comment_status":"closed","ping_status":"closed","sticky":false,"template":"","format":"standard","meta":{"footnotes":""},"categories":[1],"tags":[],"class_list":["post-20405","post","type-post","status-publish","format-standard","has-post-thumbnail","hentry","category-cronica"],"_links":{"self":[{"href":"https:\/\/www.radiopresidenteibanez.cl\/web\/wp-json\/wp\/v2\/posts\/20405","targetHints":{"allow":["GET"]}}],"collection":[{"href":"https:\/\/www.radiopresidenteibanez.cl\/web\/wp-json\/wp\/v2\/posts"}],"about":[{"href":"https:\/\/www.radiopresidenteibanez.cl\/web\/wp-json\/wp\/v2\/types\/post"}],"author":[{"embeddable":true,"href":"https:\/\/www.radiopresidenteibanez.cl\/web\/wp-json\/wp\/v2\/users\/2"}],"replies":[{"embeddable":true,"href":"https:\/\/www.radiopresidenteibanez.cl\/web\/wp-json\/wp\/v2\/comments?post=20405"}],"version-history":[{"count":0,"href":"https:\/\/www.radiopresidenteibanez.cl\/web\/wp-json\/wp\/v2\/posts\/20405\/revisions"}],"wp:featuredmedia":[{"embeddable":true,"href":"https:\/\/www.radiopresidenteibanez.cl\/web\/wp-json\/wp\/v2\/media\/20406"}],"wp:attachment":[{"href":"https:\/\/www.radiopresidenteibanez.cl\/web\/wp-json\/wp\/v2\/media?parent=20405"}],"wp:term":[{"taxonomy":"category","embeddable":true,"href":"https:\/\/www.radiopresidenteibanez.cl\/web\/wp-json\/wp\/v2\/categories?post=20405"},{"taxonomy":"post_tag","embeddable":true,"href":"https:\/\/www.radiopresidenteibanez.cl\/web\/wp-json\/wp\/v2\/tags?post=20405"}],"curies":[{"name":"wp","href":"https:\/\/api.w.org\/{rel}","templated":true}]}}