{"id":20401,"date":"2021-05-01T04:15:00","date_gmt":"2021-05-01T04:15:00","guid":{"rendered":"https:\/\/www.radiopresidenteibanez.cl\/web\/?p=20401"},"modified":"2021-04-30T22:23:59","modified_gmt":"2021-04-30T22:23:59","slug":"aguas-magallanes-amplia-plazo-para-postular-al-fondo-concursable-de-desarrollo-comunitario-2021","status":"publish","type":"post","link":"https:\/\/www.radiopresidenteibanez.cl\/web\/aguas-magallanes-amplia-plazo-para-postular-al-fondo-concursable-de-desarrollo-comunitario-2021\/","title":{"rendered":"AGUAS MAGALLANES AMPL\u00cdA PLAZO PARA POSTULAR AL FONDO CONCURSABLE DE DESARROLLO COMUNITARIO 2021"},"content":{"rendered":"\n<p>Aguas Magallanes inform\u00f3 hoy que ampliar\u00e1 el plazo contemplado para la recepci\u00f3n de proyectos a su Fondo Concursable de Desarrollo Comunitario hasta el 14 de mayo. Lo anterior, se\u00f1al\u00f3 la compa\u00f1\u00eda, obedece a dar mayores facilidades a aquellas organizaciones que por diversos factores no han podido ingresar la documentaci\u00f3n necesaria a la plataforma, cuya fecha de cierre estaba contemplada para este viernes (30 de abril). Este a\u00f1o, debido a las condiciones sanitarias por Covid-19, el proceso se est\u00e1 desarrollando 100% en l\u00ednea. Ello ha significado un gran desaf\u00edo no solo para las organizaciones postulantes, sino tambi\u00e9n para la compa\u00f1\u00eda.<\/p>\n\n\n\n<p>La empresa inform\u00f3 que est\u00e1n en proceso de desarrollo m\u00e1s de cien proyectos, sin embargo, todav\u00eda hay un porcentaje que no ha finalizado la postulaci\u00f3n. \u201cEste es uno de los principales motivos que nos ha llevado a ampliar el plazo. Queremos dar las mayores facilidades y seguir apoyando a cada una de las organizaciones, para que puedan realizar con \u00e9xito todo el proceso de postulaci\u00f3n\u201d, se\u00f1al\u00f3 Johanna Reyes Neira, gerente de Clientes de Aguas Magallanes.<\/p>\n\n\n\n<p>Este a\u00f1o Aguas Magallanes dispuso de $22 millones, cifra que permitir\u00e1 financiar total o parcialmente proyectos asociados al cuidado del recurso h\u00eddrico, al uso del tiempo libre; mejoramiento de espacios comunitarios, as\u00ed como la categor\u00eda Covid-19 orientada a la adquisici\u00f3n de implementos de seguridad, entre otros, presentados por uniones comunales, juntas de vecinos, clubes de adultos mayores, agrupaciones ind\u00edgenas y bomberos, de Punta Arenas, Natales, Porvenir y Williams. Todos los requisitos y bases de postulaci\u00f3n se pueden revisar en el sitio&nbsp;<a href=\"http:\/\/www.aguasmagallanes.cl\/\" target=\"_blank\" rel=\"noreferrer noopener\">www.aguasmagallanes.cl<\/a>. Para otros antecedentes o consultas se pueden contactar a trav\u00e9s del mail&nbsp;<a href=\"mailto:fondoconcursable@aguasmagallanes.cl\">fondoconcursable@aguasmagallanes.cl<\/a>, o al tel\u00e9fono&nbsp;612200829, de lunes a viernes, de 09:00 a 12:00 horas y de 15:00 a 17:00 horas.<\/p>\n","protected":false},"excerpt":{"rendered":"<p>Aguas Magallanes inform\u00f3 hoy que ampliar\u00e1 el plazo contemplado para la recepci\u00f3n de proyectos a su Fondo Concursable de Desarrollo Comunitario hasta el 14 de mayo. Lo anterior, se\u00f1al\u00f3 la&#8230; <a class=\"read-more\" href=\"https:\/\/www.radiopresidenteibanez.cl\/web\/aguas-magallanes-amplia-plazo-para-postular-al-fondo-concursable-de-desarrollo-comunitario-2021\/\">Leer m\u00e1s<\/a><\/p>\n","protected":false},"author":2,"featured_media":20402,"comment_status":"closed","ping_status":"closed","sticky":false,"template":"","format":"standard","meta":{"footnotes":""},"categories":[1],"tags":[],"class_list":["post-20401","post","type-post","status-publish","format-standard","has-post-thumbnail","hentry","category-cronica"],"_links":{"self":[{"href":"https:\/\/www.radiopresidenteibanez.cl\/web\/wp-json\/wp\/v2\/posts\/20401","targetHints":{"allow":["GET"]}}],"collection":[{"href":"https:\/\/www.radiopresidenteibanez.cl\/web\/wp-json\/wp\/v2\/posts"}],"about":[{"href":"https:\/\/www.radiopresidenteibanez.cl\/web\/wp-json\/wp\/v2\/types\/post"}],"author":[{"embeddable":true,"href":"https:\/\/www.radiopresidenteibanez.cl\/web\/wp-json\/wp\/v2\/users\/2"}],"replies":[{"embeddable":true,"href":"https:\/\/www.radiopresidenteibanez.cl\/web\/wp-json\/wp\/v2\/comments?post=20401"}],"version-history":[{"count":0,"href":"https:\/\/www.radiopresidenteibanez.cl\/web\/wp-json\/wp\/v2\/posts\/20401\/revisions"}],"wp:featuredmedia":[{"embeddable":true,"href":"https:\/\/www.radiopresidenteibanez.cl\/web\/wp-json\/wp\/v2\/media\/20402"}],"wp:attachment":[{"href":"https:\/\/www.radiopresidenteibanez.cl\/web\/wp-json\/wp\/v2\/media?parent=20401"}],"wp:term":[{"taxonomy":"category","embeddable":true,"href":"https:\/\/www.radiopresidenteibanez.cl\/web\/wp-json\/wp\/v2\/categories?post=20401"},{"taxonomy":"post_tag","embeddable":true,"href":"https:\/\/www.radiopresidenteibanez.cl\/web\/wp-json\/wp\/v2\/tags?post=20401"}],"curies":[{"name":"wp","href":"https:\/\/api.w.org\/{rel}","templated":true}]}}