{"id":20392,"date":"2021-05-01T03:45:00","date_gmt":"2021-05-01T03:45:00","guid":{"rendered":"https:\/\/www.radiopresidenteibanez.cl\/web\/?p=20392"},"modified":"2021-04-29T19:03:49","modified_gmt":"2021-04-29T19:03:49","slug":"ips-magallanes-continua-con-medidas-preventivas-para-cuidado-de-usuarios-y-funcionarios-del-organismo","status":"publish","type":"post","link":"https:\/\/www.radiopresidenteibanez.cl\/web\/ips-magallanes-continua-con-medidas-preventivas-para-cuidado-de-usuarios-y-funcionarios-del-organismo\/","title":{"rendered":"IPS MAGALLANES CONTIN\u00daA CON MEDIDAS PREVENTIVAS PARA CUIDADO DE USUARIOS Y FUNCIONARIOS DEL ORGANISMO"},"content":{"rendered":"\n<p>La reciente\nsemana, funcionarios y funcionarias de la direcci\u00f3n regional del Instituto de\nPrevisi\u00f3n Social y su sucursal ChileAtiende en Punta Arenas, participaron de\nuna nueva pesquisa activa para la detecci\u00f3n temprana de posibles casos de\nCovid-19 en el organismo.<\/p>\n\n\n\n<p>Lo\nanterior, en el marco del cuidado especial que est\u00e1 llevando adelante el IPS\npara el cuidado, tanto de los usuarios, como de los funcionarios que ah\u00ed se\ndesempe\u00f1an.<\/p>\n\n\n\n<p>\u201cEstamos\nrealizando ya la quinta pesquisa activa. Junto con estar ya inoculados con las\ndos dosis, nos parece muy importante seguir teniendo las medidas de higiene,\nseguridad y resguardo y en eso las pesquisas activas son un insumo m\u00e1s, junto a\ntodos los elementos de protecci\u00f3n personal, para estar con el debido resguardo\ny protecci\u00f3n\u201d, afirm\u00f3 el director regional del IPS, Eduardo Barahona Kompatzki,\nagradeciendo a los funcionarios de Salud por realizar estos procedimientos en\nel organismo.<\/p>\n\n\n\n<p>Por su\nparte, los funcionarios tambi\u00e9n valoraron y agradecieron el poder acceder a\nestos ex\u00e1menes de manera permanente, para poder estar atentos y tomar las\nmedidas respectivas a tiempo, en caso de un eventual contagio.<\/p>\n\n\n\n<p>\u201cBien,\nporque as\u00ed estamos todos protegidos y al tanto de que ojal\u00e1 no tengamos a nadie\ncon el virus. As\u00ed que s\u00faper bien la idea de que nos est\u00e9n realizando el examen\ndel PCR, sobre todo por los compa\u00f1eros. Ac\u00e1 atendemos una gran cantidad de\np\u00fablico, as\u00ed que nos resguardamos todos\u201d, afirm\u00f3 Alexis Catal\u00e1n, funcionario\ndel organismo, quien actualmente se encuentra realizando labores de gesti\u00f3n de\nfilas.<\/p>\n\n\n\n<p>Esta\ndetecci\u00f3n temprana tambi\u00e9n se realiz\u00f3 en las sucursales provinciales de\nChileAtiende en Porvenir y Puerto Natales.<\/p>\n","protected":false},"excerpt":{"rendered":"<p>La reciente semana, funcionarios y funcionarias de la direcci\u00f3n regional del Instituto de Previsi\u00f3n Social y su sucursal ChileAtiende en Punta Arenas, participaron de una nueva pesquisa activa para la&#8230; <a class=\"read-more\" href=\"https:\/\/www.radiopresidenteibanez.cl\/web\/ips-magallanes-continua-con-medidas-preventivas-para-cuidado-de-usuarios-y-funcionarios-del-organismo\/\">Leer m\u00e1s<\/a><\/p>\n","protected":false},"author":2,"featured_media":20393,"comment_status":"closed","ping_status":"closed","sticky":false,"template":"","format":"standard","meta":{"footnotes":""},"categories":[1],"tags":[],"class_list":["post-20392","post","type-post","status-publish","format-standard","has-post-thumbnail","hentry","category-cronica"],"_links":{"self":[{"href":"https:\/\/www.radiopresidenteibanez.cl\/web\/wp-json\/wp\/v2\/posts\/20392","targetHints":{"allow":["GET"]}}],"collection":[{"href":"https:\/\/www.radiopresidenteibanez.cl\/web\/wp-json\/wp\/v2\/posts"}],"about":[{"href":"https:\/\/www.radiopresidenteibanez.cl\/web\/wp-json\/wp\/v2\/types\/post"}],"author":[{"embeddable":true,"href":"https:\/\/www.radiopresidenteibanez.cl\/web\/wp-json\/wp\/v2\/users\/2"}],"replies":[{"embeddable":true,"href":"https:\/\/www.radiopresidenteibanez.cl\/web\/wp-json\/wp\/v2\/comments?post=20392"}],"version-history":[{"count":0,"href":"https:\/\/www.radiopresidenteibanez.cl\/web\/wp-json\/wp\/v2\/posts\/20392\/revisions"}],"wp:featuredmedia":[{"embeddable":true,"href":"https:\/\/www.radiopresidenteibanez.cl\/web\/wp-json\/wp\/v2\/media\/20393"}],"wp:attachment":[{"href":"https:\/\/www.radiopresidenteibanez.cl\/web\/wp-json\/wp\/v2\/media?parent=20392"}],"wp:term":[{"taxonomy":"category","embeddable":true,"href":"https:\/\/www.radiopresidenteibanez.cl\/web\/wp-json\/wp\/v2\/categories?post=20392"},{"taxonomy":"post_tag","embeddable":true,"href":"https:\/\/www.radiopresidenteibanez.cl\/web\/wp-json\/wp\/v2\/tags?post=20392"}],"curies":[{"name":"wp","href":"https:\/\/api.w.org\/{rel}","templated":true}]}}