{"id":20363,"date":"2021-04-30T03:30:00","date_gmt":"2021-04-30T03:30:00","guid":{"rendered":"https:\/\/www.radiopresidenteibanez.cl\/web\/?p=20363"},"modified":"2021-04-29T17:40:00","modified_gmt":"2021-04-29T17:40:00","slug":"proyecto-de-mejoramiento-de-calle-enrique-abello-pondra-fin-a-anegamientos-ocasionados-por-precipitaciones","status":"publish","type":"post","link":"https:\/\/www.radiopresidenteibanez.cl\/web\/proyecto-de-mejoramiento-de-calle-enrique-abello-pondra-fin-a-anegamientos-ocasionados-por-precipitaciones\/","title":{"rendered":"PROYECTO DE MEJORAMIENTO DE CALLE ENRIQUE ABELLO PONDR\u00c1 FIN A ANEGAMIENTOS OCASIONADOS POR PRECIPITACIONES"},"content":{"rendered":"\n<p>Las intensas lluvias registradas esta semana en Punta Arenas ponen en evidencia la urgencia de contar con una pavimentaci\u00f3n definitiva en arterias que hoy se encuentran plenamente integradas a la trama urbana y habitacional de la ciudad. Ese es precisamente el caso de calle Enrique Abello, al poniente de Avenida Eduardo Frei, cuyos residentes actuales y futuros se beneficiar\u00e1n de un importante proyecto de conectividad vial desarrollado por el Ministerio de Vivienda y Urbanismo, con recursos del FNDR.<\/p>\n\n\n\n<p>Actualmente, la falta de iluminaci\u00f3n p\u00fablica y los anegamientos producto de las precipitaciones, tornan inseguro el tr\u00e1nsito vehicular en dicho trayecto. As\u00ed lo corrobor\u00f3 este mi\u00e9rcoles el&nbsp;<strong>Director Regional del Serviu, Dubalio P\u00e9rez<\/strong>, quien se traslad\u00f3 al sector debido a los requerimientos de vecinos afligidos por esta problem\u00e1tica que se presenta tras los frentes de mal tiempo.<\/p>\n\n\n\n<p>En respuesta a estas inquietudes,&nbsp;<strong>Dubalio P\u00e9rez<\/strong>&nbsp;llam\u00f3 a los vecinos a tener paciencia ya que esta obra dar\u00e1 una soluci\u00f3n definitiva a estas problem\u00e1ticas&nbsp;<strong>\u201cMientras se ejecutan los trabajos se realizar\u00e1n los desv\u00edos necesarios para mantener el tr\u00e1nsito vehicular de los residentes, los que se ir\u00e1n informando con antelaci\u00f3n. De igual forma y comprendiendo que se requieren soluciones transitorias, hemos realizado las gestiones con la empresa contratista y la Municipalidad de Punta Arenas para rellenar con material y pasar una motoniveladora en la extensi\u00f3n donde a\u00fan no hemos iniciado faenas y por donde transitan actualmente los vecinos, trabajos que se podr\u00e1n ejecutar una vez que cesen las lluvias\u201d.<\/strong><\/p>\n\n\n\n<p>La obra, cuyo plazo de ejecuci\u00f3n es de 540 d\u00edas corridos, presenta un avance aproximado de un 6 por ciento. Las faenas se iniciaron desde el l\u00edmite oriente del proyecto en calle Cabo V\u00edrgenes, realiz\u00e1ndose la pavimentaci\u00f3n de la faja sur de calzada, en un tramo aproximado de 210 metros lineales hacia el poniente. Una vez concluida esta intervenci\u00f3n y de acuerdo al permiso de la Direcci\u00f3n de Tr\u00e1nsito Municipal y validado por la Seremi de Transportes y Telecomunicaciones, se aprob\u00f3 con fecha 12 de abril del presente, el cierre total de calle Enrique Abello, entre Avenida Eduardo Frei y Pasaje Juan Ruiz Mancilla, para lo cual se habilit\u00f3 como v\u00eda alternativa para los propietarios, el ingreso desde calle Manantiales hacia Juan Ruiz Mancilla.<\/p>\n\n\n\n<p>Durante toda la construcci\u00f3n del proyecto se ir\u00e1 informando oportunamente a las y los vecinos del sector, los cierres parciales que se implementar\u00e1n, previa aprobaci\u00f3n de los organismos competentes. Cabe se\u00f1alar que el proyecto beneficiar\u00e1 a cerca de 900 familias que han adquirido viviendas con subsidios habitacionales del Minvu y en barrios privados, entregados y en proceso de construcci\u00f3n.<\/p>\n","protected":false},"excerpt":{"rendered":"<p>Las intensas lluvias registradas esta semana en Punta Arenas ponen en evidencia la urgencia de contar con una pavimentaci\u00f3n definitiva en arterias que hoy se encuentran plenamente integradas a la&#8230; <a class=\"read-more\" href=\"https:\/\/www.radiopresidenteibanez.cl\/web\/proyecto-de-mejoramiento-de-calle-enrique-abello-pondra-fin-a-anegamientos-ocasionados-por-precipitaciones\/\">Leer m\u00e1s<\/a><\/p>\n","protected":false},"author":2,"featured_media":20364,"comment_status":"closed","ping_status":"closed","sticky":false,"template":"","format":"standard","meta":{"footnotes":""},"categories":[1],"tags":[],"class_list":["post-20363","post","type-post","status-publish","format-standard","has-post-thumbnail","hentry","category-cronica"],"_links":{"self":[{"href":"https:\/\/www.radiopresidenteibanez.cl\/web\/wp-json\/wp\/v2\/posts\/20363","targetHints":{"allow":["GET"]}}],"collection":[{"href":"https:\/\/www.radiopresidenteibanez.cl\/web\/wp-json\/wp\/v2\/posts"}],"about":[{"href":"https:\/\/www.radiopresidenteibanez.cl\/web\/wp-json\/wp\/v2\/types\/post"}],"author":[{"embeddable":true,"href":"https:\/\/www.radiopresidenteibanez.cl\/web\/wp-json\/wp\/v2\/users\/2"}],"replies":[{"embeddable":true,"href":"https:\/\/www.radiopresidenteibanez.cl\/web\/wp-json\/wp\/v2\/comments?post=20363"}],"version-history":[{"count":0,"href":"https:\/\/www.radiopresidenteibanez.cl\/web\/wp-json\/wp\/v2\/posts\/20363\/revisions"}],"wp:featuredmedia":[{"embeddable":true,"href":"https:\/\/www.radiopresidenteibanez.cl\/web\/wp-json\/wp\/v2\/media\/20364"}],"wp:attachment":[{"href":"https:\/\/www.radiopresidenteibanez.cl\/web\/wp-json\/wp\/v2\/media?parent=20363"}],"wp:term":[{"taxonomy":"category","embeddable":true,"href":"https:\/\/www.radiopresidenteibanez.cl\/web\/wp-json\/wp\/v2\/categories?post=20363"},{"taxonomy":"post_tag","embeddable":true,"href":"https:\/\/www.radiopresidenteibanez.cl\/web\/wp-json\/wp\/v2\/tags?post=20363"}],"curies":[{"name":"wp","href":"https:\/\/api.w.org\/{rel}","templated":true}]}}