{"id":20360,"date":"2021-04-30T03:15:00","date_gmt":"2021-04-30T03:15:00","guid":{"rendered":"https:\/\/www.radiopresidenteibanez.cl\/web\/?p=20360"},"modified":"2021-04-29T17:37:48","modified_gmt":"2021-04-29T17:37:48","slug":"diputado-boric-apoya-a-gremios-de-la-educacion-de-la-region-para-plantear-al-ministro-de-educacion-su-desacuerdo-con-el-traspaso-a-los-servicios-locales-de-educacion","status":"publish","type":"post","link":"https:\/\/www.radiopresidenteibanez.cl\/web\/diputado-boric-apoya-a-gremios-de-la-educacion-de-la-region-para-plantear-al-ministro-de-educacion-su-desacuerdo-con-el-traspaso-a-los-servicios-locales-de-educacion\/","title":{"rendered":"DIPUTADO BORIC APOYA A GREMIOS DE LA EDUCACI\u00d3N DE LA REGI\u00d3N PARA PLANTEAR AL MINISTRO DE EDUCACI\u00d3N SU DESACUERDO CON EL TRASPASO A LOS SERVICIOS LOCALES DE EDUCACI\u00d3N"},"content":{"rendered":"\n<p>\n\na trav\u00e9s de una reuni\u00f3n por videollamada\u2013 el ministro de Educaci\u00f3n, Ra\u00fal Figueroa, fue convocado por el diputado por Magallanes, Gabriel Boric, para plantearle la postura de los gremios de la educaci\u00f3n por el proceso de desmunicipalizaci\u00f3n en la Regi\u00f3n de Magallanes.<\/p>\n\n\n\n<p>El diputado Boric le entreg\u00f3 una carta al ministro firmada por \u00e9l y los parlamentarios Karim Bianchi, Sandra Amar, Carolina Goic y Carlos Bianchi; exponiendo la propuesta de los gremios de la educaci\u00f3n de suspender el traspaso de la educaci\u00f3n municipal a los Servicios Locales de Educaci\u00f3n, porque los gremios consideran que las condiciones del territorio en Magallanes no est\u00e1n dadas para iniciar este proceso, sin ser conversado previamente con las partes involucradas.<\/p>\n\n\n\n<p>Entre los asistentes a esta reuni\u00f3n estuvieron, adem\u00e1s, el subsecretario de Educaci\u00f3n, Jorge Poblete; la directora nacional de Educaci\u00f3n P\u00fablica, Alejandra Grebe; el seremi de Educaci\u00f3n de Magallanes, Marcos Mella; as\u00ed como los gremios de la educaci\u00f3n representados, entre otros, por la presidenta del Colegio Regional de Profesores, Violeta Andrade; el presidente del Sindicato de Trabajadores de la Corporaci\u00f3n Municipal de Punta Arenas, Ricardo Oyarzo; el presidente del Sindicato de los Asistentes de la Educaci\u00f3n de Punta Arenas, Pedro Pablo Ramos; adem\u00e1s de representantes de gremios de Porvenir y Puerto Natales.<\/p>\n\n\n\n<p>El ministro indic\u00f3 que el Gobierno tiene la disposici\u00f3n de implementar los Servicios Locales de Educaci\u00f3n, que fue parte de un proceso complejo de discusi\u00f3n parlamentaria y pol\u00edtica. Asimismo, se\u00f1al\u00f3 que este cambio apunta a una mejora en la educaci\u00f3n p\u00fablica y que los ni\u00f1os, ni\u00f1as y adolescentes tengan una buena educaci\u00f3n. El jefe de la cartera de Educaci\u00f3n agreg\u00f3 tambi\u00e9n que se pagar\u00e1n las deudas previsionales a los profesionales, as\u00ed como tambi\u00e9n las indemnizaciones que correspondan, duda que fue planteada por los gremios en la reuni\u00f3n. Al final de la misma, dijo que estar\u00e1 atento a las inquietudes de los gremios de la educaci\u00f3n.<\/p>\n\n\n\n<p>Sobre esto, el diputado por Magallanes, Gabriel Boric, explic\u00f3 que en la reuni\u00f3n con el ministro Figueroa se busc\u00f3 \u201cmanifestarle nuestra posici\u00f3n un\u00e1nime, entre los parlamentarios de la Regi\u00f3n, de que esta implementaci\u00f3n se postergara hasta que est\u00e9n aclaradas todas las dudas que existen respecto a la implementaci\u00f3n del Servicio y que se asegure el financiamiento de los mismos\u201d.&nbsp;<\/p>\n\n\n\n<p>Adem\u00e1s, el diputado y precandidato presidencial de CS, RD y FC opin\u00f3 sobre el proceso de desmunicipalizaci\u00f3n en Magallanes que \u201cla implementaci\u00f3n de los nuevos servicios no puede ser a costa de los derechos laborales de los trabajadores, ni menos de la calidad de la educaci\u00f3n de los estudiantes. Tenemos que fortalecer la Educaci\u00f3n P\u00fablica, y por lo tanto, si bien nosotros somos totalmente partidarios de desmunicipalizar para terminar con las desigualdades estructurales que este sistema trae, es importante que el nuevo proceso sea descentralizado y que no acarree una nueva deuda hist\u00f3rica\u201d.<\/p>\n\n\n\n<p>Finalmente, hizo un llamado al titular de Educaci\u00f3n, Ra\u00fal Figueroa, se\u00f1alando que \u201cel Ministerio tiene el deber de asegurar que va a existir el financiamiento necesario para poder sostener el nuevo sistema y eso es lo que le hemos exigido y le hemos planteado al Ministerio de Educaci\u00f3n, seguramente vamos a tener m\u00e1s reuniones para poder aclarar dudas y resolver los nudos que siguen pendientes. Mientras eso no pase vamos a insistir en la postergaci\u00f3n de la implementaci\u00f3n\u201d.\n\n<\/p>\n","protected":false},"excerpt":{"rendered":"<p>a trav\u00e9s de una reuni\u00f3n por videollamada\u2013 el ministro de Educaci\u00f3n, Ra\u00fal Figueroa, fue convocado por el diputado por Magallanes, Gabriel Boric, para plantearle la postura de los gremios de&#8230; <a class=\"read-more\" href=\"https:\/\/www.radiopresidenteibanez.cl\/web\/diputado-boric-apoya-a-gremios-de-la-educacion-de-la-region-para-plantear-al-ministro-de-educacion-su-desacuerdo-con-el-traspaso-a-los-servicios-locales-de-educacion\/\">Leer m\u00e1s<\/a><\/p>\n","protected":false},"author":2,"featured_media":20361,"comment_status":"closed","ping_status":"closed","sticky":false,"template":"","format":"standard","meta":{"footnotes":""},"categories":[1],"tags":[],"class_list":["post-20360","post","type-post","status-publish","format-standard","has-post-thumbnail","hentry","category-cronica"],"_links":{"self":[{"href":"https:\/\/www.radiopresidenteibanez.cl\/web\/wp-json\/wp\/v2\/posts\/20360","targetHints":{"allow":["GET"]}}],"collection":[{"href":"https:\/\/www.radiopresidenteibanez.cl\/web\/wp-json\/wp\/v2\/posts"}],"about":[{"href":"https:\/\/www.radiopresidenteibanez.cl\/web\/wp-json\/wp\/v2\/types\/post"}],"author":[{"embeddable":true,"href":"https:\/\/www.radiopresidenteibanez.cl\/web\/wp-json\/wp\/v2\/users\/2"}],"replies":[{"embeddable":true,"href":"https:\/\/www.radiopresidenteibanez.cl\/web\/wp-json\/wp\/v2\/comments?post=20360"}],"version-history":[{"count":0,"href":"https:\/\/www.radiopresidenteibanez.cl\/web\/wp-json\/wp\/v2\/posts\/20360\/revisions"}],"wp:featuredmedia":[{"embeddable":true,"href":"https:\/\/www.radiopresidenteibanez.cl\/web\/wp-json\/wp\/v2\/media\/20361"}],"wp:attachment":[{"href":"https:\/\/www.radiopresidenteibanez.cl\/web\/wp-json\/wp\/v2\/media?parent=20360"}],"wp:term":[{"taxonomy":"category","embeddable":true,"href":"https:\/\/www.radiopresidenteibanez.cl\/web\/wp-json\/wp\/v2\/categories?post=20360"},{"taxonomy":"post_tag","embeddable":true,"href":"https:\/\/www.radiopresidenteibanez.cl\/web\/wp-json\/wp\/v2\/tags?post=20360"}],"curies":[{"name":"wp","href":"https:\/\/api.w.org\/{rel}","templated":true}]}}