{"id":20336,"date":"2021-04-29T03:30:00","date_gmt":"2021-04-29T03:30:00","guid":{"rendered":"https:\/\/www.radiopresidenteibanez.cl\/web\/?p=20336"},"modified":"2021-04-28T19:23:44","modified_gmt":"2021-04-28T19:23:44","slug":"82-de-los-funcionarios-de-la-educacion-se-han-vacunado-con-ambas-dosis-contra-el-covid-19-en-la-region-de-magallanes","status":"publish","type":"post","link":"https:\/\/www.radiopresidenteibanez.cl\/web\/82-de-los-funcionarios-de-la-educacion-se-han-vacunado-con-ambas-dosis-contra-el-covid-19-en-la-region-de-magallanes\/","title":{"rendered":"82% DE LOS FUNCIONARIOS DE LA EDUCACI\u00d3N SE HAN VACUNADO CON AMBAS DOSIS CONTRA EL COVID-19 EN LA REGI\u00d3N DE MAGALLANES"},"content":{"rendered":"\n<p>A paso firme continua el proceso de vacunaci\u00f3n&nbsp;contra el Covid-19 para los trabajadores de la educaci\u00f3n, el que comenz\u00f3 el pasado 15 de febrero, luego que el Gobierno priorizara dentro del 30% de la poblaci\u00f3n a&nbsp;profesores, asistentes de la educaci\u00f3n, educadores, directivos, administrativos y manipuladores de alimentos.<\/p>\n\n\n\n<p>Seg\u00fan las cifras entregadas por el Ministerio de Educaci\u00f3n, en la regi\u00f3n de Magallanes ya han sido inoculados con ambas dosis el 82%, lo que equivale a&nbsp;4.578 funcionarios, restando s\u00f3lo que 978 personas concluyan con el proceso.&nbsp;<\/p>\n\n\n\n<p>Frente a los datos el<strong>&nbsp;seremi de Educaci\u00f3n, Rodrigo Sep\u00falveda Tagle,<\/strong>&nbsp;valor\u00f3 la rapidez y eficacia de este proceso que, de acuerdo a las cifras, posiciona a Magallanes entre las regiones que&nbsp;lidera con el m\u00e1s alto porcentaje de inoculados.<\/p>\n\n\n\n<p>\u201cEl r\u00e1pido avance del proceso ha demostrado que para el Gobierno la educaci\u00f3n es una prioridad, que adem\u00e1s permite entregar confianza a las familias y a toda la comunidad educativa para incentivar a que los estudiantes vuelvan a las aulas para continuar con sus aprendizajes y socializaci\u00f3n, lo que es fundamental para su salud socioemocional\u201d, asegur\u00f3 el seremi.<\/p>\n\n\n\n<p>Adem\u00e1s, el Seremi Rodrigo Sep\u00falveda Tagle detall\u00f3 que si se desglosa por funciones dentro de los establecimientos ya est\u00e1n vacunados con ambas dosis el 81% de los asistentes de la educaci\u00f3n; el 85% de los docentes y directivos; el 85% de los educadores; el 73% de los manipuladores de alimentos y el 81% de los t\u00e9cnicos en p\u00e1rvulos en nuestra regi\u00f3n.&nbsp;<\/p>\n\n\n\n<p>En ese sentido destac\u00f3 que son los funcionarios de la educaci\u00f3n pagada quienes lideran la vacunaci\u00f3n llegando al 87%, seguidos de la educaci\u00f3n particular subvencionada con 85% y municipal con el 81%.&nbsp; Mientras los jardines infantiles llegan al 80%.<\/p>\n\n\n\n<p>En tanto, detall\u00f3 que por rango etario la poblaci\u00f3n con mayor nivel de vacunaci\u00f3n son los trabajadores mayores de 60 a 64 a\u00f1os, mientras que los j\u00f3venes entre 18 y 24 a\u00f1os son los que menos lo han hecho (73%). Ante esto la autoridad hizo un llamado a la responsabilidad para que los j\u00f3venes se acerquen a los vacunatorios para completar el proceso de vacunaci\u00f3n y as\u00ed protegerse de manera efectiva a ellos y sus familias.&nbsp;<\/p>\n\n\n\n<p>A nivel nacional, el seremi record\u00f3 que en el pa\u00eds se han vacunado con ambas dosis al 82% de los trabajadores de la educaci\u00f3n, lo que equivale a 421.680 personas.<\/p>\n","protected":false},"excerpt":{"rendered":"<p>A paso firme continua el proceso de vacunaci\u00f3n&nbsp;contra el Covid-19 para los trabajadores de la educaci\u00f3n, el que comenz\u00f3 el pasado 15 de febrero, luego que el Gobierno priorizara dentro&#8230; <a class=\"read-more\" href=\"https:\/\/www.radiopresidenteibanez.cl\/web\/82-de-los-funcionarios-de-la-educacion-se-han-vacunado-con-ambas-dosis-contra-el-covid-19-en-la-region-de-magallanes\/\">Leer m\u00e1s<\/a><\/p>\n","protected":false},"author":2,"featured_media":20337,"comment_status":"closed","ping_status":"closed","sticky":false,"template":"","format":"standard","meta":{"footnotes":""},"categories":[1],"tags":[],"class_list":["post-20336","post","type-post","status-publish","format-standard","has-post-thumbnail","hentry","category-cronica"],"_links":{"self":[{"href":"https:\/\/www.radiopresidenteibanez.cl\/web\/wp-json\/wp\/v2\/posts\/20336","targetHints":{"allow":["GET"]}}],"collection":[{"href":"https:\/\/www.radiopresidenteibanez.cl\/web\/wp-json\/wp\/v2\/posts"}],"about":[{"href":"https:\/\/www.radiopresidenteibanez.cl\/web\/wp-json\/wp\/v2\/types\/post"}],"author":[{"embeddable":true,"href":"https:\/\/www.radiopresidenteibanez.cl\/web\/wp-json\/wp\/v2\/users\/2"}],"replies":[{"embeddable":true,"href":"https:\/\/www.radiopresidenteibanez.cl\/web\/wp-json\/wp\/v2\/comments?post=20336"}],"version-history":[{"count":0,"href":"https:\/\/www.radiopresidenteibanez.cl\/web\/wp-json\/wp\/v2\/posts\/20336\/revisions"}],"wp:featuredmedia":[{"embeddable":true,"href":"https:\/\/www.radiopresidenteibanez.cl\/web\/wp-json\/wp\/v2\/media\/20337"}],"wp:attachment":[{"href":"https:\/\/www.radiopresidenteibanez.cl\/web\/wp-json\/wp\/v2\/media?parent=20336"}],"wp:term":[{"taxonomy":"category","embeddable":true,"href":"https:\/\/www.radiopresidenteibanez.cl\/web\/wp-json\/wp\/v2\/categories?post=20336"},{"taxonomy":"post_tag","embeddable":true,"href":"https:\/\/www.radiopresidenteibanez.cl\/web\/wp-json\/wp\/v2\/tags?post=20336"}],"curies":[{"name":"wp","href":"https:\/\/api.w.org\/{rel}","templated":true}]}}