{"id":20333,"date":"2021-04-29T03:15:00","date_gmt":"2021-04-29T03:15:00","guid":{"rendered":"https:\/\/www.radiopresidenteibanez.cl\/web\/?p=20333"},"modified":"2021-04-28T19:22:07","modified_gmt":"2021-04-28T19:22:07","slug":"servicio-de-laboratorio-refuerza-horarios-de-atencion-y-destaca-la-importancia-del-previo-agendamiento-con-respecto-a-la-toma-de-muestra","status":"publish","type":"post","link":"https:\/\/www.radiopresidenteibanez.cl\/web\/servicio-de-laboratorio-refuerza-horarios-de-atencion-y-destaca-la-importancia-del-previo-agendamiento-con-respecto-a-la-toma-de-muestra\/","title":{"rendered":"SERVICIO DE LABORATORIO REFUERZA HORARIOS DE ATENCI\u00d3N Y DESTACA LA IMPORTANCIA DEL PREVIO AGENDAMIENTO CON RESPECTO A LA TOMA DE MUESTRA"},"content":{"rendered":"\n<p>Con el objetivo de reforzar en los usuarios que\nrequieran la toma de ex\u00e1menes ambulatorios de Laboratorio, el Hospital Dr.\nAugusto Essmann Burgos inform\u00f3 los horarios de atenci\u00f3n diferenciados y relev\u00f3 el\nrequisito de agendar la cita previo a la toma del examen. <\/p>\n\n\n\n<p>&nbsp;\u201cHoy, en medio de una contingencia sanitaria, es\nfundamental que las personas agenden la toma de sus ex\u00e1menes ya que esto nos\npermite delimitar la atenci\u00f3n a un n\u00famero acotado de personas, para as\u00ed asegurar\nel cumplimiento de todas las medidas sanitarias y evitar aglomeraciones\u201d,\nasegur\u00f3 la Tecn\u00f3loga M\u00e9dica Supervisora del Servicio de Laboratorio, Hisgliandy\nFuentes. <\/p>\n\n\n\n<p>Una vez\nque ya agend\u00f3 su hora, el usuario debe acudir a la toma de muestra el d\u00eda\nse\u00f1alado, entre las 08:00 y las 09:30 horas (lunes a viernes), presentando en\nventanilla su c\u00e9dula de identidad y la orden de ex\u00e1menes con el objetivo de\ncumplir con todas las indicaciones necesarias para realizaci\u00f3n del examen.<\/p>\n\n\n\n<p>Para finalizar, la jefatura del Servicio de Laboratorio hizo\nun llamado a la comunidad a informarse sobre los horarios de atenci\u00f3n y\nrespetarlos, \u201csi tiene alguna consulta sobre los horarios de atenci\u00f3n se puede\ncomunicar a la mesa central 61 2 452000 donde lo orientar\u00e1n para que acceda de\nmanera c\u00f3moda y segura a su atenci\u00f3n\u201d, agreg\u00f3 la Tecn\u00f3loga M\u00e9dica. <\/p>\n","protected":false},"excerpt":{"rendered":"<p>Con el objetivo de reforzar en los usuarios que requieran la toma de ex\u00e1menes ambulatorios de Laboratorio, el Hospital Dr. Augusto Essmann Burgos inform\u00f3 los horarios de atenci\u00f3n diferenciados y&#8230; <a class=\"read-more\" href=\"https:\/\/www.radiopresidenteibanez.cl\/web\/servicio-de-laboratorio-refuerza-horarios-de-atencion-y-destaca-la-importancia-del-previo-agendamiento-con-respecto-a-la-toma-de-muestra\/\">Leer m\u00e1s<\/a><\/p>\n","protected":false},"author":2,"featured_media":20334,"comment_status":"closed","ping_status":"closed","sticky":false,"template":"","format":"standard","meta":{"footnotes":""},"categories":[1],"tags":[],"class_list":["post-20333","post","type-post","status-publish","format-standard","has-post-thumbnail","hentry","category-cronica"],"_links":{"self":[{"href":"https:\/\/www.radiopresidenteibanez.cl\/web\/wp-json\/wp\/v2\/posts\/20333","targetHints":{"allow":["GET"]}}],"collection":[{"href":"https:\/\/www.radiopresidenteibanez.cl\/web\/wp-json\/wp\/v2\/posts"}],"about":[{"href":"https:\/\/www.radiopresidenteibanez.cl\/web\/wp-json\/wp\/v2\/types\/post"}],"author":[{"embeddable":true,"href":"https:\/\/www.radiopresidenteibanez.cl\/web\/wp-json\/wp\/v2\/users\/2"}],"replies":[{"embeddable":true,"href":"https:\/\/www.radiopresidenteibanez.cl\/web\/wp-json\/wp\/v2\/comments?post=20333"}],"version-history":[{"count":0,"href":"https:\/\/www.radiopresidenteibanez.cl\/web\/wp-json\/wp\/v2\/posts\/20333\/revisions"}],"wp:featuredmedia":[{"embeddable":true,"href":"https:\/\/www.radiopresidenteibanez.cl\/web\/wp-json\/wp\/v2\/media\/20334"}],"wp:attachment":[{"href":"https:\/\/www.radiopresidenteibanez.cl\/web\/wp-json\/wp\/v2\/media?parent=20333"}],"wp:term":[{"taxonomy":"category","embeddable":true,"href":"https:\/\/www.radiopresidenteibanez.cl\/web\/wp-json\/wp\/v2\/categories?post=20333"},{"taxonomy":"post_tag","embeddable":true,"href":"https:\/\/www.radiopresidenteibanez.cl\/web\/wp-json\/wp\/v2\/tags?post=20333"}],"curies":[{"name":"wp","href":"https:\/\/api.w.org\/{rel}","templated":true}]}}