{"id":20330,"date":"2021-04-29T03:00:00","date_gmt":"2021-04-29T03:00:00","guid":{"rendered":"https:\/\/www.radiopresidenteibanez.cl\/web\/?p=20330"},"modified":"2021-04-28T19:19:54","modified_gmt":"2021-04-28T19:19:54","slug":"guardaparques-y-profesionales-de-areas-silvestres-protegidas-en-magallanes-se-capacitan-en-monitoreo-con-camaras-trampa","status":"publish","type":"post","link":"https:\/\/www.radiopresidenteibanez.cl\/web\/guardaparques-y-profesionales-de-areas-silvestres-protegidas-en-magallanes-se-capacitan-en-monitoreo-con-camaras-trampa\/","title":{"rendered":"GUARDAPARQUES Y PROFESIONALES DE \u00c1REAS SILVESTRES PROTEGIDAS EN MAGALLANES SE CAPACITAN EN MONITOREO CON C\u00c1MARAS TRAMPA"},"content":{"rendered":"\n<p>Compartiendo la modalidad virtual y en terreno, guardaparques y profesionales de la Corporaci\u00f3n Nacional Forestal (CONAF) siguen trabajando por conservar el territorio y, en esta ocasi\u00f3n, a trav\u00e9s de una capacitaci\u00f3n en el uso de c\u00e1maras trampa para el monitoreo de la fauna presente en las \u00e1reas silvestres protegidas de la regi\u00f3n.<\/p>\n\n\n\n<p>Las c\u00e1maras trampa \u2013c\u00e1maras que se activan con el movimiento y que registran fauna que circula frente a ellas \u2013son utilizadas para fotografiar o grabar especies que usualmente reh\u00fayen la presencia humana. Gracias a ellas se ha podido identificar el h\u00e1bitat de distintas especies nativas y tambi\u00e9n registrar la amenaza de perros o especies invasoras en \u00e1reas protegidas.<\/p>\n\n\n\n<p>\u201cIntroducci\u00f3n al Monitoreo con C\u00e1maras Trampa\u201d se denomin\u00f3 el curso dictado por un investigador asociado al Programa Austral Patagonia de la Universidad Austral de Chile en el que particip\u00f3 personal de CONAF vinculado a las \u00e1reas silvestres protegidas y que se desempe\u00f1an en las oficinas regionales y provinciales, as\u00ed como en las unidades a cargo de parques nacionales, monumentos naturales y reservas nacionales que pertenecen al Sistema Nacional de \u00c1reas Silvestres Protegidas del Estado (SNASPE) que administra CONAF.<\/p>\n\n\n\n<p>De esta manera y dada la contingencia sanitaria, el curso se realiz\u00f3 entre los d\u00edas 5 al 9 de abril en una primera etapa bajo modalidad virtual y, posteriormente en terreno, la cual se concret\u00f3 en el Monumento Natural Cueva del Milod\u00f3n para los participantes de la provincia de \u00daltima Esperanza; mientras que para la provincia de Magallanes en la Reserva Nacional Magallanes. El programa de capacitaci\u00f3n se enmarca en el trabajo conjunto entre el Programa Austral Patagonia y CONAF para fortalecer la gesti\u00f3n de las \u00e1reas protegidas del SNASPE.<\/p>\n\n\n\n<p>La capacitaci\u00f3n fue realizada por Eduardo Silva y sus asistentes de investigaci\u00f3n, todos quienes forman parte del Instituto de Conservaci\u00f3n, Biodiversidad y Territorio de la Universidad Austral de Chile y del equipo de apoyo t\u00e9cnico del Programa Austral Patagonia&nbsp;<\/p>\n\n\n\n<p>Eduardo Silva coment\u00f3 sobre el doble beneficio de este tipo de iniciativas. \u201cNosotros tenemos la oportunidad de contar y ense\u00f1ar lo que sabemos hacer, en este caso monitorear fauna silvestre con trampas c\u00e1maras. Y por otro lado, nos permiten aprender de las realidades y experiencias de Conaf. Es un c\u00edrculo virtuoso de colaboraci\u00f3n entre servicios p\u00fablicos y universidades, lo que nos permite fortalecer la gesti\u00f3n p\u00fablica y a la vez vincular efectivamente a la academia con el mundo real\u201d.<\/p>\n\n\n\n<p>Adem\u00e1s, en esta ocasi\u00f3n, el Programa Austral Patagonia, entreg\u00f3 30 c\u00e1maras trampa para fortalecer el equipamiento de monitoreo de las \u00e1reas protegidas. Actualmente, son 24 unidades del Sistema Nacional de \u00c1reas Silvestres Protegidas del Estado (SNASPE) que cuentan con una metodolog\u00eda estandarizada, lo que significa un aporte importante en equipamientos, adem\u00e1s de un fuerte componente de capacitaci\u00f3n al personal t\u00e9cnico y de guardaparques.<\/p>\n\n\n\n<p>Diego Valencia, profesional a cargo de la secci\u00f3n de monitoreo e informaci\u00f3n del SNASPE en la Gerencia de \u00c1reas Silvestres protegidas de CONAF se\u00f1ala que \u201cDesde la adopci\u00f3n el a\u00f1o 2017 de los est\u00e1ndares abiertos para la conservaci\u00f3n por parte de CONAF, se inici\u00f3 un proceso de establecimiento de monitoreos enfocados en los llamados objetos de conservaci\u00f3n, los cuales deben cumplir ciertos requisitos fundamentales que obligan a los equipos t\u00e9cnicos y personal guardaparque a la adopci\u00f3n de nuevas tecnolog\u00edas que permitan no solo tener informaci\u00f3n cuantitativa y cualitativa de los objetos de conservaci\u00f3n sino tambi\u00e9n de sus amenazas\u201d.<\/p>\n\n\n\n<p>&nbsp;\u201cEn esta oportunidad se capacitaron guardaparques de siete unidades de la regi\u00f3n, por lo que esperamos poder implementar este tipo de monitoreo en m\u00e1s unidades. El a\u00f1o 2019 iniciamos en el Parque Nacional Yendegaia; y el 2020, en la Reserva Nacional Laguna Parrillar; y este a\u00f1o sumaremos a otras unidades en este monitoreo. Con ello podremos recoger datos del estado de objetos de conservaci\u00f3n, as\u00ed como tambi\u00e9n de sus amenazas presentes\u201d indica Mauricio Ruiz, jefe del departamento de \u00c1reas Silvestres Protegidas de CONAF Magallanes.<\/p>\n","protected":false},"excerpt":{"rendered":"<p>Compartiendo la modalidad virtual y en terreno, guardaparques y profesionales de la Corporaci\u00f3n Nacional Forestal (CONAF) siguen trabajando por conservar el territorio y, en esta ocasi\u00f3n, a trav\u00e9s de una&#8230; <a class=\"read-more\" href=\"https:\/\/www.radiopresidenteibanez.cl\/web\/guardaparques-y-profesionales-de-areas-silvestres-protegidas-en-magallanes-se-capacitan-en-monitoreo-con-camaras-trampa\/\">Leer m\u00e1s<\/a><\/p>\n","protected":false},"author":2,"featured_media":20331,"comment_status":"closed","ping_status":"closed","sticky":false,"template":"","format":"standard","meta":{"footnotes":""},"categories":[1],"tags":[],"class_list":["post-20330","post","type-post","status-publish","format-standard","has-post-thumbnail","hentry","category-cronica"],"_links":{"self":[{"href":"https:\/\/www.radiopresidenteibanez.cl\/web\/wp-json\/wp\/v2\/posts\/20330","targetHints":{"allow":["GET"]}}],"collection":[{"href":"https:\/\/www.radiopresidenteibanez.cl\/web\/wp-json\/wp\/v2\/posts"}],"about":[{"href":"https:\/\/www.radiopresidenteibanez.cl\/web\/wp-json\/wp\/v2\/types\/post"}],"author":[{"embeddable":true,"href":"https:\/\/www.radiopresidenteibanez.cl\/web\/wp-json\/wp\/v2\/users\/2"}],"replies":[{"embeddable":true,"href":"https:\/\/www.radiopresidenteibanez.cl\/web\/wp-json\/wp\/v2\/comments?post=20330"}],"version-history":[{"count":0,"href":"https:\/\/www.radiopresidenteibanez.cl\/web\/wp-json\/wp\/v2\/posts\/20330\/revisions"}],"wp:featuredmedia":[{"embeddable":true,"href":"https:\/\/www.radiopresidenteibanez.cl\/web\/wp-json\/wp\/v2\/media\/20331"}],"wp:attachment":[{"href":"https:\/\/www.radiopresidenteibanez.cl\/web\/wp-json\/wp\/v2\/media?parent=20330"}],"wp:term":[{"taxonomy":"category","embeddable":true,"href":"https:\/\/www.radiopresidenteibanez.cl\/web\/wp-json\/wp\/v2\/categories?post=20330"},{"taxonomy":"post_tag","embeddable":true,"href":"https:\/\/www.radiopresidenteibanez.cl\/web\/wp-json\/wp\/v2\/tags?post=20330"}],"curies":[{"name":"wp","href":"https:\/\/api.w.org\/{rel}","templated":true}]}}