{"id":20327,"date":"2021-04-29T02:45:00","date_gmt":"2021-04-29T02:45:00","guid":{"rendered":"https:\/\/www.radiopresidenteibanez.cl\/web\/?p=20327"},"modified":"2021-04-28T19:17:31","modified_gmt":"2021-04-28T19:17:31","slug":"hospital-de-natales-comienza-una-nueva-etapa-en-materia-de-eficiencia-energetica","status":"publish","type":"post","link":"https:\/\/www.radiopresidenteibanez.cl\/web\/hospital-de-natales-comienza-una-nueva-etapa-en-materia-de-eficiencia-energetica\/","title":{"rendered":"HOSPITAL DE NATALES COMIENZA UNA NUEVA ETAPA EN MATERIA DE EFICIENCIA ENERG\u00c9TICA"},"content":{"rendered":"\n<p>Una gesti\u00f3n energ\u00e9tica\neficiente y acorde con el entorno ser\u00e1 el nuevo sello que literalmente lucir\u00e1&nbsp; a partir de esta semana el Hospital Puerto\nNatales, Dr. Augusto Essmann Burgos.&nbsp; <\/p>\n\n\n\n<p>Literalmente porque en el\nhall de acceso del recinto hospitalario, autoridades regionales de energ\u00eda e\ninstitucionales de salud, descubrieron la placa recordatoria que da cuenta del\nconjunto de medidas de eficiencia energ\u00e9tica adoptadas que est\u00e1n pronto a\nentrar en operaci\u00f3n. <\/p>\n\n\n\n<p>Entre las medidas que se\nimplementaron, destacan tres, explica el SEREMI (s) de Energ\u00eda de Magallanes,\nCarlos Olave Solar. <\/p>\n\n\n\n<p>\u201cHemos realizado una serie de\ndiagn\u00f3sticos a infraestructura de salud de la regi\u00f3n, los que nos han permitido\nmejorar su realidad energ\u00e9tica. En el caso del Hospital de Natales hicimos\nrecambio de luminarias LED del orden de las 3.600 luces, instalamos un\ncogenerador y junto ello, tambi\u00e9n una planta fotovoltaica en el techo del\nrecinto; todas estas medidas en conjunto van, por un lado, en directo beneficio\nde la comunidad hospitalaria y por otro, a dar otro paso hacia las metas de\ncarbono neutralidad y descarbonizaci\u00f3n que como Gobierno y como pa\u00eds nos hemos\nplanteado alcanzar\u201d, sostuvo el SEREMI Olave. <\/p>\n\n\n\n<p>La autoridad regional (s) de\nEnerg\u00eda aprovech\u00f3 la ocasi\u00f3n de agradecer el respaldo financiero que el\nGobierno Regional de Magallanes junto a la Comisi\u00f3n de Ciencia y Tecnolog\u00eda del\nCore dieron al proyecto. <\/p>\n\n\n\n<p>\u201cAgradecemos la confianza del\nGobierno Regional y de los Core que apoyaron esta importante iniciativa que\nest\u00e1 convirtiendo a nuestros establecimientos de salud de Magallanes, en edificios\nm\u00e1s eficientes y energ\u00e9ticamente consistentes con el medio ambiente\u201d. &nbsp;<\/p>\n\n\n\n<p>Por su parte, la Gobernadora\nde \u00daltima Esperanza, Ericka Far\u00edas, destac\u00f3 la iniciativa del Ministerio de\nEnerg\u00eda que en alianza con la Agencia de Sostenibilidad Energ\u00e9tica (AgenciaSE)\nhan sacado adelante.<\/p>\n\n\n\n<p>\u201cNos pone muy contentos\nalcanzar estos logros que sin lugar a dudas mejorar\u00e1n la calidad de vida de los\nhabitantes de la Provincia de \u00daltima Esperanza. Tenemos un hospital moderno y\nadem\u00e1s energ\u00e9ticamente eficiente que se coloca a tono con los tiempos en los\nque estamos viviendo y que requieren de nuestro m\u00e1ximo compromiso\u201d, acot\u00f3\nFar\u00edas.&nbsp;&nbsp; <\/p>\n\n\n\n<p>En esta misma l\u00ednea, el\nalcalde Natales, Fernando Paredes, resalt\u00f3 lo que simboliza el hito tanto para\nla comuna como para la provincia. <\/p>\n\n\n\n<p>\u201cComo autoridades tenemos el\ndeber de traspasar este sello de eficiencia energ\u00e9tica a la comunidad\nhospitalaria para fortalecer nuestra cultura de la eficiencia y responsabilidad\nenerg\u00e9tico-medioambiental, de tal manera que nos permita incentivar y replicar\neste modelo en m\u00e1s edificaciones p\u00fablicas\u201d. &nbsp;&nbsp;<\/p>\n\n\n\n<p><strong>DETALLES T\u00c9CNICOS DEL\nPROYECTO<\/strong><\/p>\n\n\n\n<p>Respecto a los beneficios que\nlas medidas de eficiencia energ\u00e9tica traer\u00e1n consigo, el director del Hospital\nde Natales, Dr. Darwin Letelier, se sum\u00f3 a los elogios y detall\u00f3 los dos\ngrandes aportes del proyecto.<\/p>\n\n\n\n<p>\u201cLa implementaci\u00f3n de las\ntres medidas de eficiencia energ\u00e9tica significar\u00e1n dos importantes beneficios:\n1. Ahorros anuales estimados en 43 millones de pesos y 2. Evitar enviar a la atm\u00f3sfera unas 400 [Ton\/a\u00f1o] de\nCo2\u201d, dijo el facultativo. <\/p>\n\n\n\n<p>El Dr. Letelier agreg\u00f3 que desde el punto de vista econ\u00f3mico, las\nmedidas permitir\u00e1n administrar eficientemente los recursos p\u00fablicos y, \u201cpor qu\u00e9\nno, eventualmente usar la cogeneraci\u00f3n y la planta fotovoltaica como una\nherramienta para acogernos a la ley de generaci\u00f3n distribuida que opera en el\npa\u00eds, puesto que los excedentes energ\u00e9ticos pueden inyectarse a la red y\nrecibir un pago por ello\u201d, subray\u00f3.<\/p>\n","protected":false},"excerpt":{"rendered":"<p>Una gesti\u00f3n energ\u00e9tica eficiente y acorde con el entorno ser\u00e1 el nuevo sello que literalmente lucir\u00e1&nbsp; a partir de esta semana el Hospital Puerto Natales, Dr. Augusto Essmann Burgos.&nbsp; Literalmente&#8230; <a class=\"read-more\" href=\"https:\/\/www.radiopresidenteibanez.cl\/web\/hospital-de-natales-comienza-una-nueva-etapa-en-materia-de-eficiencia-energetica\/\">Leer m\u00e1s<\/a><\/p>\n","protected":false},"author":2,"featured_media":20328,"comment_status":"closed","ping_status":"closed","sticky":false,"template":"","format":"standard","meta":{"footnotes":""},"categories":[1],"tags":[],"class_list":["post-20327","post","type-post","status-publish","format-standard","has-post-thumbnail","hentry","category-cronica"],"_links":{"self":[{"href":"https:\/\/www.radiopresidenteibanez.cl\/web\/wp-json\/wp\/v2\/posts\/20327","targetHints":{"allow":["GET"]}}],"collection":[{"href":"https:\/\/www.radiopresidenteibanez.cl\/web\/wp-json\/wp\/v2\/posts"}],"about":[{"href":"https:\/\/www.radiopresidenteibanez.cl\/web\/wp-json\/wp\/v2\/types\/post"}],"author":[{"embeddable":true,"href":"https:\/\/www.radiopresidenteibanez.cl\/web\/wp-json\/wp\/v2\/users\/2"}],"replies":[{"embeddable":true,"href":"https:\/\/www.radiopresidenteibanez.cl\/web\/wp-json\/wp\/v2\/comments?post=20327"}],"version-history":[{"count":0,"href":"https:\/\/www.radiopresidenteibanez.cl\/web\/wp-json\/wp\/v2\/posts\/20327\/revisions"}],"wp:featuredmedia":[{"embeddable":true,"href":"https:\/\/www.radiopresidenteibanez.cl\/web\/wp-json\/wp\/v2\/media\/20328"}],"wp:attachment":[{"href":"https:\/\/www.radiopresidenteibanez.cl\/web\/wp-json\/wp\/v2\/media?parent=20327"}],"wp:term":[{"taxonomy":"category","embeddable":true,"href":"https:\/\/www.radiopresidenteibanez.cl\/web\/wp-json\/wp\/v2\/categories?post=20327"},{"taxonomy":"post_tag","embeddable":true,"href":"https:\/\/www.radiopresidenteibanez.cl\/web\/wp-json\/wp\/v2\/tags?post=20327"}],"curies":[{"name":"wp","href":"https:\/\/api.w.org\/{rel}","templated":true}]}}