{"id":20321,"date":"2021-04-29T02:15:00","date_gmt":"2021-04-29T02:15:00","guid":{"rendered":"https:\/\/www.radiopresidenteibanez.cl\/web\/?p=20321"},"modified":"2021-04-28T19:14:11","modified_gmt":"2021-04-28T19:14:11","slug":"abren-inscripcion-a-mas-de-40-cursos-dirigidos-a-mujeres-emprendedoras","status":"publish","type":"post","link":"https:\/\/www.radiopresidenteibanez.cl\/web\/abren-inscripcion-a-mas-de-40-cursos-dirigidos-a-mujeres-emprendedoras\/","title":{"rendered":"ABREN INSCRIPCI\u00d3N A M\u00c1S DE 40 CURSOS DIRIGIDOS A MUJERES EMPRENDEDORAS"},"content":{"rendered":"\n<p>La Seremi del Trabajo, junto a la\nSeremi de la Mujer y Sence Magallanes se reunieron con emprendedoras de la Zona\nAustral de Punta Arenas para dar a conocer una amplia variedad de cursos\norientados a emprendimientos femeninos de la regi\u00f3n, enfocados en el\naprendizaje de habilidades digitales b\u00e1sicas y transversales necesarias para\nenfrentar el complejo escenario actual de pandemia.<\/p>\n\n\n\n<p>Seg\u00fan explicaron las autoridades, se\ntrata de cursos en l\u00ednea 100% gratuitos impartidos por organizaciones como: Fundaci\u00f3n\nTelef\u00f3nica, Fundaci\u00f3n Carlos Slim, eClass y Microsoft, cuyas inscripciones se\nencuentran abiertas.<\/p>\n\n\n\n<p>Sobre la iniciativa, la Seremi del\nTrabajo, Victoria Cort\u00e9s, se\u00f1al\u00f3 que \u201cestamos haciendo el lanzamiento de estos\nm\u00e1s de 40 cursos junto a la Seremi de la Mujer y Sence, que tienen por objeto\nentregar herramientas a las mujeres emprendedoras. Lo importante de estos\ncursos es que no tienen un l\u00edmite de cupos, por tanto, toda mujer emprendedora\nen la regi\u00f3n que est\u00e9 interesada en participar va a poder hacerlo. As\u00ed que la\ninvitaci\u00f3n es a que visiten la plataforma de \u201cEmprender Conectadas\u201d y acceder a\nestas herramientas que les permitir\u00e1n seguir creciendo en sus ideas de negocio\u201d.<\/p>\n\n\n\n<p>El sitio mencionado por la autoridad\npermite, adem\u00e1s, a quienes se inscriban, acceder a una comunidad compuesta por otras\nemprendedoras y organizaciones enfocadas en el emprendimiento femenino, lo cual\nles otorga la oportunidad de informarse sobre los apoyos, financiamientos y\nbeneficios existentes para potenciar sus proyectos.<\/p>\n\n\n\n<p>En palabras de la Seremi de la Mujer,\nDaisy Carrera, \u201cagradecer el trabajo colaborativo que realizamos con la\nsubsecretar\u00eda del Trabajo y Sence para establecer esta comunidad de mujeres\nemprendedoras y plataforma que, primero hace un diagn\u00f3stico de la situaci\u00f3n de\ncada una y, a partir de eso, se entregan las herramientas para poder ayudarlas.\nEn ese marco nacen estos 41 cursos\u201d.<\/p>\n\n\n\n<p>Es en ese marco que hoy Sence habilit\u00f3\nestos 41 nuevos cursos en l\u00ednea a los cuales se podr\u00e1 acceder sin costo, entre\nlos que se destacan: Comercio Digital, Estrategias de Marketing Online,\nMarketing Digital, Formulaci\u00f3n y Evaluaci\u00f3n de Proyectos, Marca Personal,\nLiderazgo, Computaci\u00f3n B\u00e1sica, entre otros. <\/p>\n\n\n\n<p>Al respecto, el director regional de\nSence Magallanes, Enrique Hern\u00e1ndez, coment\u00f3 que \u201cla manera de postular es a\ntrav\u00e9s del sitio web \u201cEmprender Conectadas\u201d, donde encontrar\u00e1n el banner \u201cElige\nMejor\u201d y ah\u00ed podr\u00e1n elegir los cursos. Los requisitos son: ser mujer\nemprendedora, mayor de 18 a\u00f1os, tener un emprendimiento con ventas registradas\n\u2013no importa el monto- pero, al menos, por dos meses y, adem\u00e1s tener la clave\n\u00fanica. Adem\u00e1s, es importante indicar que el emprendimiento debe estar\nformalizado\u201d.<\/p>\n\n\n\n<p>Durante la actividad, una de las\nemprendedoras, Jaqueline Parada, dedicada a la elaboraci\u00f3n y venta de\n\u201camigurumis\u201d en el espacio brindado por Zona Austral, destac\u00f3 la iniciativa,\nse\u00f1alando que \u201cpara m\u00ed esta idea es s\u00faper importante, encontr\u00e9 genial la\niniciativa, porque yo tejo y compro mis cosas, pero no s\u00e9 cu\u00e1nto cobrar por lo\nque hago y uno de los cursos te ense\u00f1a eso, a saber c\u00f3mo calcular el valor de\nmi trabajo, as\u00ed que genial que se preocupen de nosotras. Aqu\u00ed hay puras\nmujeres, somos las mujeres las que estamos sacando la cara y emprendiendo de a\npoquito, as\u00ed que es muy importante para nosotras y agradecida con Sence\u201d.<\/p>\n\n\n\n<p>Para acceder a estas capacitaciones de\nmanera gratuita y en forma digital, se debe ingresar al sitio <a href=\"http:\/\/www.emprenderconectadas.cl\">www.emprenderconectadas.cl<\/a>, donde podr\u00e1n inscribirse y buscar los cursos de inter\u00e9s de forma\ngratuita. <\/p>\n\n\n\n<p>El listado\ncompleto de cursos es el siguiente:<\/p>\n\n\n\n<ol class=\"wp-block-list\"><li>An\u00e1lisis y\nDise\u00f1o del Sistema de Informaci\u00f3n Contable<\/li><li>Comercializaci\u00f3n\ny Distribuci\u00f3n <\/li><li>Comercio\nDigital <\/li><li>Como\nCalcular tu Inversi\u00f3n <\/li><li>C\u00f3mo\nintegrar el perfil de un cliente<\/li><li>Conociendo\nel comercio al detalle<\/li><li>Dise\u00f1ador\nde Oferta Tur\u00edstica<\/li><li>Dise\u00f1ador\ngr\u00e1fico <\/li><li>Dise\u00f1o de\nindicadores <\/li><li>Emprendimiento\nSocial <\/li><li>Envasado de\nproductos<\/li><li>Est\u00e1ndares\nde calidad<\/li><li>Estrategias\nde Marketing Online <\/li><li>Etiquetado\nde productos<\/li><li>Evaluaci\u00f3n\nde ideas de negocio <\/li><li>Exhibici\u00f3n\nde productos <\/li><li>Experto en\nMarketing Digital <\/li><li>Formaliza\ntu emprendimiento<\/li><li>Formulaci\u00f3n\ny evaluaci\u00f3n de proyectos <\/li><li>Ideas para\ncrecer tu negocio<\/li><li>Marketing\ndigital <\/li><li>Mejora de\nprocesos<\/li><li>Negocios de\nalimentos m\u00f3viles<\/li><li>Promotor de\nproductos org\u00e1nicos <\/li><li>Promotor\nTur\u00edstico<\/li><li>Protocolo\nde Atenci\u00f3n y Servicio <\/li><li>Relaciones\ncomerciales<\/li><li>Representante\nde ventas <\/li><li>Administraci\u00f3n\ndel tiempo<\/li><li>Como\nsacarle partido al teletrabajo<\/li><li>Especialista\nde atenci\u00f3n al cliente<\/li><li>Habilidades\nde presentaci\u00f3n <\/li><li>Liderazgo <\/li><li>Manejo de\nreuniones de trabajo <\/li><li>Marca\npersonal<\/li><li>Trabajo en\nEquipo <\/li><li>Computaci\u00f3n\nB\u00e1sica <\/li><li>Comunicaci\u00f3n\nen Entornos Digitales <\/li><li>Creaci\u00f3n de\nContenidos Digitales <\/li><li>Desarrollador\nde contenidos de aprendizaje<\/li><li>Growth\nHacking: c\u00f3mo atraer y retener usuarios<\/li><\/ol>\n","protected":false},"excerpt":{"rendered":"<p>La Seremi del Trabajo, junto a la Seremi de la Mujer y Sence Magallanes se reunieron con emprendedoras de la Zona Austral de Punta Arenas para dar a conocer una&#8230; <a class=\"read-more\" href=\"https:\/\/www.radiopresidenteibanez.cl\/web\/abren-inscripcion-a-mas-de-40-cursos-dirigidos-a-mujeres-emprendedoras\/\">Leer m\u00e1s<\/a><\/p>\n","protected":false},"author":2,"featured_media":20322,"comment_status":"closed","ping_status":"closed","sticky":false,"template":"","format":"standard","meta":{"footnotes":""},"categories":[1],"tags":[],"class_list":["post-20321","post","type-post","status-publish","format-standard","has-post-thumbnail","hentry","category-cronica"],"_links":{"self":[{"href":"https:\/\/www.radiopresidenteibanez.cl\/web\/wp-json\/wp\/v2\/posts\/20321","targetHints":{"allow":["GET"]}}],"collection":[{"href":"https:\/\/www.radiopresidenteibanez.cl\/web\/wp-json\/wp\/v2\/posts"}],"about":[{"href":"https:\/\/www.radiopresidenteibanez.cl\/web\/wp-json\/wp\/v2\/types\/post"}],"author":[{"embeddable":true,"href":"https:\/\/www.radiopresidenteibanez.cl\/web\/wp-json\/wp\/v2\/users\/2"}],"replies":[{"embeddable":true,"href":"https:\/\/www.radiopresidenteibanez.cl\/web\/wp-json\/wp\/v2\/comments?post=20321"}],"version-history":[{"count":0,"href":"https:\/\/www.radiopresidenteibanez.cl\/web\/wp-json\/wp\/v2\/posts\/20321\/revisions"}],"wp:featuredmedia":[{"embeddable":true,"href":"https:\/\/www.radiopresidenteibanez.cl\/web\/wp-json\/wp\/v2\/media\/20322"}],"wp:attachment":[{"href":"https:\/\/www.radiopresidenteibanez.cl\/web\/wp-json\/wp\/v2\/media?parent=20321"}],"wp:term":[{"taxonomy":"category","embeddable":true,"href":"https:\/\/www.radiopresidenteibanez.cl\/web\/wp-json\/wp\/v2\/categories?post=20321"},{"taxonomy":"post_tag","embeddable":true,"href":"https:\/\/www.radiopresidenteibanez.cl\/web\/wp-json\/wp\/v2\/tags?post=20321"}],"curies":[{"name":"wp","href":"https:\/\/api.w.org\/{rel}","templated":true}]}}