{"id":20316,"date":"2021-04-28T19:09:20","date_gmt":"2021-04-28T19:09:20","guid":{"rendered":"https:\/\/www.radiopresidenteibanez.cl\/web\/?p=20316"},"modified":"2021-04-28T19:09:28","modified_gmt":"2021-04-28T19:09:28","slug":"se-promulga-ley-10-autoria-del-diputado-karim-bianchi","status":"publish","type":"post","link":"https:\/\/www.radiopresidenteibanez.cl\/web\/se-promulga-ley-10-autoria-del-diputado-karim-bianchi\/","title":{"rendered":"SE PROMULGA LEY 10%, AUTOR\u00cdA DEL DIPUTADO KARIM BIANCHI"},"content":{"rendered":"\n<p>Para Bianchi\nesto marca un triunfo de la gente y una gran derrota\npara el gobierno a quien llama a realizar una\nautocr\u00edtica y entender que la paciencia y las\ndefensas corporativas a las AFP y aseguradoras tienen un l\u00edmite y que la\ngente no puede seguir paleando con\nsus fondos una crisis.<\/p>\n\n\n\n<p>El independiente\nha sido autor de los 3 retiros y de la indicaci\u00f3n que subrogaci\u00f3n para el caso\nde pensiones alimenticias impagas, hoy logro algo que ven\u00eda luchando cerca de\nun a\u00f1o y es que se incorpore a las personas con rentas vitalicias, incluyendo\npensiones de viudez y sobrevivencia.<\/p>\n\n\n\n<p>Bianchi, nos se\u00f1ala el tramite ser\u00e1 igual a igual a los retiros\nanteriores, pero con la\nvariante de que hoy llegamos en ayuda a 650.000\nque hab\u00edan sido discriminadas, ya que\npor primera vez se consideraron todas aquellas personas que son pensionados por aseguradoras.<\/p>\n\n\n\n<p>El parlamentario\nvaloro que el tribunal constitucional actu\u00f3 en su mayor\u00eda en conciencia, pero\nafirmo que no puede seguir esta instituci\u00f3n funcionando como una tercera c\u00e1mara\npor lo cual est\u00e1n trabajando en un proyecto que regula su composici\u00f3n y voto\ndirimente.<\/p>\n\n\n\n<p>Recalc\u00f3 que el\npaso que hoy queda tiene que ver con un proyecto que ingresara los pr\u00f3ximos\nd\u00edas el gobierno para llegar con un bono para quienes no tienen ahorro.<\/p>\n\n\n\n<p>Concluyo\nesperando que este proceso sea exitoso y ayude a palear la crisis que est\u00e1n viviendo muchas familias y que en\nlo futuro si contin\u00faan los efectos econ\u00f3micos\nadversos que el gobierno impulse\nuna renta b\u00e1sica universal, adem\u00e1s se\u00f1alo que lo m\u00e1s importante es\ncambiar el sistema de pensiones para que a futuro se garantice una pensi\u00f3n\ndigna esperando que pronto se vea su proyecto\nde rebaja en la tasa de mortalidad de 110 a 85 a\u00f1os, para el modelo de las aseguradoras.<\/p>\n","protected":false},"excerpt":{"rendered":"<p>Para Bianchi esto marca un triunfo de la gente y una gran derrota para el gobierno a quien llama a realizar una autocr\u00edtica y entender que la paciencia y las&#8230; <a class=\"read-more\" href=\"https:\/\/www.radiopresidenteibanez.cl\/web\/se-promulga-ley-10-autoria-del-diputado-karim-bianchi\/\">Leer m\u00e1s<\/a><\/p>\n","protected":false},"author":2,"featured_media":5567,"comment_status":"closed","ping_status":"closed","sticky":false,"template":"","format":"standard","meta":{"footnotes":""},"categories":[1],"tags":[],"class_list":["post-20316","post","type-post","status-publish","format-standard","has-post-thumbnail","hentry","category-cronica"],"_links":{"self":[{"href":"https:\/\/www.radiopresidenteibanez.cl\/web\/wp-json\/wp\/v2\/posts\/20316","targetHints":{"allow":["GET"]}}],"collection":[{"href":"https:\/\/www.radiopresidenteibanez.cl\/web\/wp-json\/wp\/v2\/posts"}],"about":[{"href":"https:\/\/www.radiopresidenteibanez.cl\/web\/wp-json\/wp\/v2\/types\/post"}],"author":[{"embeddable":true,"href":"https:\/\/www.radiopresidenteibanez.cl\/web\/wp-json\/wp\/v2\/users\/2"}],"replies":[{"embeddable":true,"href":"https:\/\/www.radiopresidenteibanez.cl\/web\/wp-json\/wp\/v2\/comments?post=20316"}],"version-history":[{"count":0,"href":"https:\/\/www.radiopresidenteibanez.cl\/web\/wp-json\/wp\/v2\/posts\/20316\/revisions"}],"wp:featuredmedia":[{"embeddable":true,"href":"https:\/\/www.radiopresidenteibanez.cl\/web\/wp-json\/wp\/v2\/media\/5567"}],"wp:attachment":[{"href":"https:\/\/www.radiopresidenteibanez.cl\/web\/wp-json\/wp\/v2\/media?parent=20316"}],"wp:term":[{"taxonomy":"category","embeddable":true,"href":"https:\/\/www.radiopresidenteibanez.cl\/web\/wp-json\/wp\/v2\/categories?post=20316"},{"taxonomy":"post_tag","embeddable":true,"href":"https:\/\/www.radiopresidenteibanez.cl\/web\/wp-json\/wp\/v2\/tags?post=20316"}],"curies":[{"name":"wp","href":"https:\/\/api.w.org\/{rel}","templated":true}]}}