{"id":20313,"date":"2021-04-28T19:05:56","date_gmt":"2021-04-28T19:05:56","guid":{"rendered":"https:\/\/www.radiopresidenteibanez.cl\/web\/?p=20313"},"modified":"2021-04-28T19:06:02","modified_gmt":"2021-04-28T19:06:02","slug":"funcionaria-de-salud-municipal-sufre-robo-mientras-realizaba-examenes-pcr","status":"publish","type":"post","link":"https:\/\/www.radiopresidenteibanez.cl\/web\/funcionaria-de-salud-municipal-sufre-robo-mientras-realizaba-examenes-pcr\/","title":{"rendered":"FUNCIONARIA DE SALUD MUNICIPAL SUFRE ROBO MIENTRAS REALIZABA EX\u00c1MENES PCR"},"content":{"rendered":"\n<p>El pasado viernes 23 de abril, mientras se realizaba un nuevo operativo de B\u00fasqueda Activa de Casos Covid-19, a cargo del \u00c1rea de Salud Municipal en la intersecci\u00f3n de Avenida Col\u00f3n y calle Bories, una de las funcionarias que desarrolla dichas tareas, sufri\u00f3 el robo de su mochila con todos sus documentos y otros art\u00edculos personales, lo cual qued\u00f3 al descubierto luego que se obtuvieron las im\u00e1genes que muestran el hecho.<\/p>\n\n\n\n<p>\u201cEfectivamente, tom\u00e9 conocimiento de un robo efectuado en Col\u00f3n con Bories en uno de nuestros operativos de B\u00fasqueda Activa que realiza el programa de Atenci\u00f3n Primaria de Salud Municipal, en el cual una de las funcionarias sufre el extrav\u00edo de su bolso y que posteriormente, gracias a un video de seguridad del sector se pudo comprobar que una persona abre el veh\u00edculo y saca un bolso\u201d, expres\u00f3 Rosa Bidart, jefa de \u00c1rea de la CORMUPA.<\/p>\n\n\n\n<p>Bidart, junto con lamentar lo ocurrido hizo una reflexi\u00f3n e invit\u00f3 a ser m\u00e1s emp\u00e1ticos y colaborar con lo que est\u00e1 ocurriendo. \u201cSi est\u00e1s haciendo el bien por la comunidad, nunca vas a pensar que alguien abiertamente abra la puerta del veh\u00edculo que es de Atenci\u00f3n Primaria, conocida como Cl\u00ednica M\u00f3vil, mientras las personas est\u00e1n trabajando tomando muestras PCR\u201d.<\/p>\n\n\n\n<p>\u201cEsto fue en pleno operativo de B\u00fasqueda Activa, ya que se ve que la persona se sube por el lado del conductor saca un bulto, camina y luego corre\u201d, relat\u00f3 la encargada municipal.<\/p>\n\n\n\n<p>Se inform\u00f3 que ya se hizo la denuncia, as\u00ed que est\u00e1n a la espera de los avances para ver qu\u00e9 otras acciones tomar\u00e1n, con el fin de resguardar la integridad de quienes contin\u00faan trabajando por la comunidad en medio de esta pandemia.<\/p>\n","protected":false},"excerpt":{"rendered":"<p>El pasado viernes 23 de abril, mientras se realizaba un nuevo operativo de B\u00fasqueda Activa de Casos Covid-19, a cargo del \u00c1rea de Salud Municipal en la intersecci\u00f3n de Avenida&#8230; <a class=\"read-more\" href=\"https:\/\/www.radiopresidenteibanez.cl\/web\/funcionaria-de-salud-municipal-sufre-robo-mientras-realizaba-examenes-pcr\/\">Leer m\u00e1s<\/a><\/p>\n","protected":false},"author":2,"featured_media":20314,"comment_status":"closed","ping_status":"closed","sticky":false,"template":"","format":"standard","meta":{"footnotes":""},"categories":[1],"tags":[],"class_list":["post-20313","post","type-post","status-publish","format-standard","has-post-thumbnail","hentry","category-cronica"],"_links":{"self":[{"href":"https:\/\/www.radiopresidenteibanez.cl\/web\/wp-json\/wp\/v2\/posts\/20313","targetHints":{"allow":["GET"]}}],"collection":[{"href":"https:\/\/www.radiopresidenteibanez.cl\/web\/wp-json\/wp\/v2\/posts"}],"about":[{"href":"https:\/\/www.radiopresidenteibanez.cl\/web\/wp-json\/wp\/v2\/types\/post"}],"author":[{"embeddable":true,"href":"https:\/\/www.radiopresidenteibanez.cl\/web\/wp-json\/wp\/v2\/users\/2"}],"replies":[{"embeddable":true,"href":"https:\/\/www.radiopresidenteibanez.cl\/web\/wp-json\/wp\/v2\/comments?post=20313"}],"version-history":[{"count":0,"href":"https:\/\/www.radiopresidenteibanez.cl\/web\/wp-json\/wp\/v2\/posts\/20313\/revisions"}],"wp:featuredmedia":[{"embeddable":true,"href":"https:\/\/www.radiopresidenteibanez.cl\/web\/wp-json\/wp\/v2\/media\/20314"}],"wp:attachment":[{"href":"https:\/\/www.radiopresidenteibanez.cl\/web\/wp-json\/wp\/v2\/media?parent=20313"}],"wp:term":[{"taxonomy":"category","embeddable":true,"href":"https:\/\/www.radiopresidenteibanez.cl\/web\/wp-json\/wp\/v2\/categories?post=20313"},{"taxonomy":"post_tag","embeddable":true,"href":"https:\/\/www.radiopresidenteibanez.cl\/web\/wp-json\/wp\/v2\/tags?post=20313"}],"curies":[{"name":"wp","href":"https:\/\/api.w.org\/{rel}","templated":true}]}}