{"id":20306,"date":"2021-04-27T16:21:04","date_gmt":"2021-04-27T16:21:04","guid":{"rendered":"https:\/\/www.radiopresidenteibanez.cl\/web\/?p=20306"},"modified":"2021-04-27T16:21:10","modified_gmt":"2021-04-27T16:21:10","slug":"intendenta-y-tercer-retiro-del-10-el-gobierno-esta-pensando-en-los-mas-de-tres-millones-de-chilenos-que-ya-no-tienen-ahorros-previsionales","status":"publish","type":"post","link":"https:\/\/www.radiopresidenteibanez.cl\/web\/intendenta-y-tercer-retiro-del-10-el-gobierno-esta-pensando-en-los-mas-de-tres-millones-de-chilenos-que-ya-no-tienen-ahorros-previsionales\/","title":{"rendered":"INTENDENTA Y TERCER RETIRO DEL 10%: \u201cEL GOBIERNO EST\u00c1 PENSANDO EN LOS M\u00c1S DE TRES MILLONES DE CHILENOS QUE YA NO TIENEN AHORROS PREVISIONALES\u201d"},"content":{"rendered":"\n<p>El Presidente Sebasti\u00e1n Pi\u00f1era\ndio a conocer ayer domingo, el ingreso de un proyecto de ley que permitir\u00e1, por\nun lado, ir en ayuda de los chilenos y por otro, resolver los problemas que\nten\u00eda el proyecto que fue despachado del Congreso el viernes pasado.<\/p>\n\n\n\n<p>Esta iniciativa se hace cargo de\nlos 3 millones de chilenos que no ten\u00edan fondos de pensiones tras el primer y\/o\nsegundo retiro del 10%. Adem\u00e1s, este retiro no afectar\u00e1 las pensiones, ya que\nconsidera una cotizaci\u00f3n adicional a cargo del empleador de un 1% y de un 1%\npor parte del Estado.<\/p>\n\n\n\n<p>Sobre esta iniciativa presentada\npor el Ejecutivo, la Intendenta de Magallanes, Jenniffer Rojas, manifest\u00f3: <em>\u201cHay que resaltar que este proyecto no es\nsolo uno de retiro de fondos previsionales, sino que, de retiro y recuperaci\u00f3n\nde los ahorros, sobre todo pensando en los millones de chilenos que ya\nretiraron hasta el \u00faltimo peso que ten\u00edan en sus fondos, eso quiere decir que\nlos m\u00e1s vulnerables no retirar\u00edan nada con el proyecto propuesto por el\nParlamento\u201d,<\/em> dijo la primera autoridad regional.<\/p>\n\n\n\n<p>En ese sentido, la seremi de\nHacienda y Gobierno (s), Lil Garc\u00e9s, acot\u00f3: \u201cN<em>uestro gobierno solidariza con los momentos de adversidad que est\u00e1n\nviviendo las familias chilenas, es por esto que este proyecto de retiro busca\nentregar recursos directos para hacer frente a sus dificultades producto de la\npandemia, sin descuidar el bienestar futuro\u201d<\/em>.<\/p>\n\n\n\n<p>Garc\u00e9s agreg\u00f3 que <em>\u201ceste proyecto, sumado al fortalecimiento de\nla red de protecci\u00f3n que nos permitir\u00e1 llegar a m\u00e1s de 15 millones de chilenos\ny chilenas, son parte del trabajo permanente y del compromiso con todos\nnuestros compatriotas\u201d<\/em>.<\/p>\n\n\n\n<p>Sobre la iniciativa, la\nIntendenta Jenniffer Rojas continu\u00f3 diciendo que <em>\u201chay que ser responsables pensando en el d\u00eda de ma\u00f1ana, en qu\u00e9 va a pasar\ncon las jubilaciones de las personas. Ac\u00e1 el populismo no sirve de nada, por\neso lo que el Gobierno est\u00e1 haciendo es pensar en los m\u00e1s de tres millones de\npersonas que no tienen ahorros previsionales producto de los dos primeros\nretiros del 10%\u201d.<\/em><\/p>\n\n\n\n<p>Entre los principales puntos de\nesta iniciativa que se ingresar\u00e1 al Congreso, destacan que se permitir\u00e1 un\nretiro de fondos de pensiones de m\u00e1ximo de 150 UF, equivalente a $4.4 millones\naproximadamente, con un m\u00ednimo de 35 UF, correspondiente a $1 mill\u00f3n. <\/p>\n\n\n\n<p>Adem\u00e1s, se establece el pago de\nimpuestos a los cotizantes pertenecientes al 10% de m\u00e1s altos ingresos y\npermitir\u00e1 la reintegraci\u00f3n de fondos con el fin de restituir lo retirado de las\ncuentas individuales. La cotizaci\u00f3n mensual se incrementar\u00e1 en 1% adicional, la\nque ser\u00e1 de cargo del empleador y el Estado le otorgar\u00e1 otro 1% con un tope de\n0,3 UF, a la cuenta individual haya o no retirado sus fondos, a fin de mejorar\nsus ahorros previsionales. <\/p>\n\n\n\n<p>Por otro lado, se entregar\u00e1 un\nbono de $200 mil para quienes quedaron sin fondos en sus ahorros de pensiones y\nque con la moci\u00f3n despachada no recibir\u00edan ning\u00fan beneficio. Tambi\u00e9n se\npermitir\u00e1 un adelanto a pensionados de renta vitalicia de hasta un 10% de su\nreserva t\u00e9cnica con tope de 100UF ($2.9 millones aprox.). <\/p>\n","protected":false},"excerpt":{"rendered":"<p>El Presidente Sebasti\u00e1n Pi\u00f1era dio a conocer ayer domingo, el ingreso de un proyecto de ley que permitir\u00e1, por un lado, ir en ayuda de los chilenos y por otro,&#8230; <a class=\"read-more\" href=\"https:\/\/www.radiopresidenteibanez.cl\/web\/intendenta-y-tercer-retiro-del-10-el-gobierno-esta-pensando-en-los-mas-de-tres-millones-de-chilenos-que-ya-no-tienen-ahorros-previsionales\/\">Leer m\u00e1s<\/a><\/p>\n","protected":false},"author":2,"featured_media":20307,"comment_status":"closed","ping_status":"closed","sticky":false,"template":"","format":"standard","meta":{"footnotes":""},"categories":[1],"tags":[],"class_list":["post-20306","post","type-post","status-publish","format-standard","has-post-thumbnail","hentry","category-cronica"],"_links":{"self":[{"href":"https:\/\/www.radiopresidenteibanez.cl\/web\/wp-json\/wp\/v2\/posts\/20306","targetHints":{"allow":["GET"]}}],"collection":[{"href":"https:\/\/www.radiopresidenteibanez.cl\/web\/wp-json\/wp\/v2\/posts"}],"about":[{"href":"https:\/\/www.radiopresidenteibanez.cl\/web\/wp-json\/wp\/v2\/types\/post"}],"author":[{"embeddable":true,"href":"https:\/\/www.radiopresidenteibanez.cl\/web\/wp-json\/wp\/v2\/users\/2"}],"replies":[{"embeddable":true,"href":"https:\/\/www.radiopresidenteibanez.cl\/web\/wp-json\/wp\/v2\/comments?post=20306"}],"version-history":[{"count":0,"href":"https:\/\/www.radiopresidenteibanez.cl\/web\/wp-json\/wp\/v2\/posts\/20306\/revisions"}],"wp:featuredmedia":[{"embeddable":true,"href":"https:\/\/www.radiopresidenteibanez.cl\/web\/wp-json\/wp\/v2\/media\/20307"}],"wp:attachment":[{"href":"https:\/\/www.radiopresidenteibanez.cl\/web\/wp-json\/wp\/v2\/media?parent=20306"}],"wp:term":[{"taxonomy":"category","embeddable":true,"href":"https:\/\/www.radiopresidenteibanez.cl\/web\/wp-json\/wp\/v2\/categories?post=20306"},{"taxonomy":"post_tag","embeddable":true,"href":"https:\/\/www.radiopresidenteibanez.cl\/web\/wp-json\/wp\/v2\/tags?post=20306"}],"curies":[{"name":"wp","href":"https:\/\/api.w.org\/{rel}","templated":true}]}}