{"id":20284,"date":"2021-04-27T02:30:00","date_gmt":"2021-04-27T02:30:00","guid":{"rendered":"https:\/\/www.radiopresidenteibanez.cl\/web\/?p=20284"},"modified":"2021-04-26T18:36:02","modified_gmt":"2021-04-26T18:36:02","slug":"mineduc-ha-capacitado-a-mas-de-8-600-docentes-y-directivos-para-mejorar-la-convivencia-escolar-en-medio-del-desafio-de-la-educacion-virtual","status":"publish","type":"post","link":"https:\/\/www.radiopresidenteibanez.cl\/web\/mineduc-ha-capacitado-a-mas-de-8-600-docentes-y-directivos-para-mejorar-la-convivencia-escolar-en-medio-del-desafio-de-la-educacion-virtual\/","title":{"rendered":"MINEDUC HA CAPACITADO A M\u00c1S DE 8.600 DOCENTES Y DIRECTIVOS PARA MEJORAR LA CONVIVENCIA ESCOLAR EN MEDIO DEL DESAF\u00cdO DE LA EDUCACI\u00d3N VIRTUAL"},"content":{"rendered":"\n<p>\u00bfC\u00f3mo se sienten?, \u00bfc\u00f3mo manejamos emociones como la frustraci\u00f3n o la desmotivaci\u00f3n?, \u00bfc\u00f3mo nos estamos relacionando entre nosotros? Estas son algunos de los temas propuestos por el Ministerio de Educaci\u00f3n a los establecimientos educacionales para trabajar este lunes como parte de las acciones de celebraci\u00f3n del D\u00eda de la Convivencia Escolar.<\/p>\n\n\n\n<p>Para las comunidades educativas y, en particular, para docentes y directivos, pasar de una educaci\u00f3n presencial a una semipresencial o completamente virtual ha implicado una serie de desaf\u00edos en el \u00e1mbito de la convivencia y el aprendizaje socioemocional.<\/p>\n\n\n\n<p>Por ello, adem\u00e1s de sugerir un conjunto de acciones concretas para el D\u00eda de la Convivencia Escolar, el Mineduc ha estado realizando una serie de talleres para abordar los desaf\u00edos de educaci\u00f3n virtual, por una parte, y ha capacitado a docentes, directivos y Encargados de Convivencia Escolar de todo el pa\u00eds para aprovechar de mejor forma los recursos del set de Aprendizaje Socioemocional que se ha entregado a los establecimientos. En total, m\u00e1s de 8.600 docentes, directivos y encargados de Convivencia han participado en estas actividades entre marzo y abril de este a\u00f1o.<\/p>\n\n\n\n<p>\u201cEn el D\u00eda de la Convivencia Escolar valoramos el trabajo de docentes, directores, encargados de Convivencia, y asistentes de la educaci\u00f3n que se est\u00e1n perfeccionando permanentemente para enfrentar los nuevos desaf\u00edos en la forma de relacionarnos que nos ha tra\u00eddo la pandemia. Ya sea de manera presencial o virtual, les invitamos trabajar para que todos los estudiantes aprendan a convivir con otros de manera respetuosa, inclusiva, dialogante y participativa y, as\u00ed, vayamos construyendo un pa\u00eds mejor\u201d, afirm\u00f3 el Ministro de Educaci\u00f3n, Ra\u00fal Figueroa.<\/p>\n\n\n\n<p>La autoridad record\u00f3 que dentro del set socioemocional que se envi\u00f3 a los establecimientos se incluy\u00f3 la Pol\u00edtica Nacional de Convivencia Escolar junto a las 11 cartillas que aterrizan temas espec\u00edficos, un set de normas para promover una convivencia escolar positiva y un cuadernillo con estrategias concretas para trabajar la cultura interna del establecimiento con foco en los cuatros modos de convivir que propone la Pol\u00edtica Nacional de Convivencia Escolar.<\/p>\n\n\n\n<p>El segundo semestre, en tanto, se enviar\u00e1n m\u00e1s recursos educativos para que los establecimientos puedan abordar tanto los temas de convivencia como el aprendizaje socioemocional de sus estudiantes y docentes.<\/p>\n\n\n\n<p>Los recursos pedag\u00f3gicos que componen el set, y los videos de los talleres realizados se encuentran disponibles en&nbsp;<a href=\"https:\/\/nam02.safelinks.protection.outlook.com\/?url=http%3A%2F%2Fconvivenciaescolar.mineduc.cl%2F&amp;data=04%7C01%7Cpaulina.fernandezh%40mineduc.cl%7Cbc2345f48a0d4497574d08d908cc8ab2%7C2e4cfe500580414093874ecde39def60%7C1%7C0%7C637550496888563390%7CUnknown%7CTWFpbGZsb3d8eyJWIjoiMC4wLjAwMDAiLCJQIjoiV2luMzIiLCJBTiI6Ik1haWwiLCJXVCI6Mn0%3D%7C1000&amp;sdata=kKJfBTnhppKCawYToO2WRQwfl7QAFqhajas71P2cXcM%3D&amp;reserved=0\" target=\"_blank\" rel=\"noreferrer noopener\">http:\/\/convivenciaescolar.mineduc.cl\/<\/a><\/p>\n\n\n\n<p>Las inscripciones para los talleres sobre Ciudadan\u00eda Digital se pueden realizar en&nbsp;<a href=\"https:\/\/nam02.safelinks.protection.outlook.com\/?url=https%3A%2F%2Fconvivenciadigital.cl%2Finscripcion-talleres-on-line-ciudadania-digital%2F&amp;data=04%7C01%7Cpaulina.fernandezh%40mineduc.cl%7Cbc2345f48a0d4497574d08d908cc8ab2%7C2e4cfe500580414093874ecde39def60%7C1%7C0%7C637550496888563390%7CUnknown%7CTWFpbGZsb3d8eyJWIjoiMC4wLjAwMDAiLCJQIjoiV2luMzIiLCJBTiI6Ik1haWwiLCJXVCI6Mn0%3D%7C1000&amp;sdata=wzvqfvIjQgHhT15JhjgFBt7Ep9QSbSvMZRGPIaJIEm8%3D&amp;reserved=0\" target=\"_blank\" rel=\"noreferrer noopener\">https:\/\/convivenciadigital.cl\/inscripcion-talleres-on-line-ciudadania-digital\/<\/a><\/p>\n","protected":false},"excerpt":{"rendered":"<p>\u00bfC\u00f3mo se sienten?, \u00bfc\u00f3mo manejamos emociones como la frustraci\u00f3n o la desmotivaci\u00f3n?, \u00bfc\u00f3mo nos estamos relacionando entre nosotros? Estas son algunos de los temas propuestos por el Ministerio de Educaci\u00f3n&#8230; <a class=\"read-more\" href=\"https:\/\/www.radiopresidenteibanez.cl\/web\/mineduc-ha-capacitado-a-mas-de-8-600-docentes-y-directivos-para-mejorar-la-convivencia-escolar-en-medio-del-desafio-de-la-educacion-virtual\/\">Leer m\u00e1s<\/a><\/p>\n","protected":false},"author":2,"featured_media":740,"comment_status":"closed","ping_status":"closed","sticky":false,"template":"","format":"standard","meta":{"footnotes":""},"categories":[1],"tags":[],"class_list":["post-20284","post","type-post","status-publish","format-standard","has-post-thumbnail","hentry","category-cronica"],"_links":{"self":[{"href":"https:\/\/www.radiopresidenteibanez.cl\/web\/wp-json\/wp\/v2\/posts\/20284","targetHints":{"allow":["GET"]}}],"collection":[{"href":"https:\/\/www.radiopresidenteibanez.cl\/web\/wp-json\/wp\/v2\/posts"}],"about":[{"href":"https:\/\/www.radiopresidenteibanez.cl\/web\/wp-json\/wp\/v2\/types\/post"}],"author":[{"embeddable":true,"href":"https:\/\/www.radiopresidenteibanez.cl\/web\/wp-json\/wp\/v2\/users\/2"}],"replies":[{"embeddable":true,"href":"https:\/\/www.radiopresidenteibanez.cl\/web\/wp-json\/wp\/v2\/comments?post=20284"}],"version-history":[{"count":0,"href":"https:\/\/www.radiopresidenteibanez.cl\/web\/wp-json\/wp\/v2\/posts\/20284\/revisions"}],"wp:featuredmedia":[{"embeddable":true,"href":"https:\/\/www.radiopresidenteibanez.cl\/web\/wp-json\/wp\/v2\/media\/740"}],"wp:attachment":[{"href":"https:\/\/www.radiopresidenteibanez.cl\/web\/wp-json\/wp\/v2\/media?parent=20284"}],"wp:term":[{"taxonomy":"category","embeddable":true,"href":"https:\/\/www.radiopresidenteibanez.cl\/web\/wp-json\/wp\/v2\/categories?post=20284"},{"taxonomy":"post_tag","embeddable":true,"href":"https:\/\/www.radiopresidenteibanez.cl\/web\/wp-json\/wp\/v2\/tags?post=20284"}],"curies":[{"name":"wp","href":"https:\/\/api.w.org\/{rel}","templated":true}]}}