{"id":2026,"date":"2019-03-08T15:18:46","date_gmt":"2019-03-08T15:18:46","guid":{"rendered":"http:\/\/www.radiopresidenteibanez.cl\/web\/?p=2026"},"modified":"2019-03-08T15:18:56","modified_gmt":"2019-03-08T15:18:56","slug":"sercotec-financiara-hasta-con-2-millones-a-almaceneros-que-quieran-digitalizar-sus-negocios","status":"publish","type":"post","link":"https:\/\/www.radiopresidenteibanez.cl\/web\/sercotec-financiara-hasta-con-2-millones-a-almaceneros-que-quieran-digitalizar-sus-negocios\/","title":{"rendered":"SERCOTEC FINANCIAR\u00c1 HASTA CON  $2 MILLONES A ALMACENEROS QUE QUIERAN DIGITALIZAR SUS NEGOCIOS"},"content":{"rendered":"\n<p>Hasta 2 millones de pesos puede\nobtener en subsidio un almacenero de barrio, que est\u00e9 interesado en digitalizar\nsu peque\u00f1o negocio y, de esta forma, mejorar su gesti\u00f3n y la atenci\u00f3n a sus\nclientes.<\/p>\n\n\n\n<p>As\u00ed lo explica la directora regional\nde Sercotec Magallanes, Mar\u00eda Soledad Solo de Zald\u00edvar, quien esta ma\u00f1ana lleg\u00f3\nal almac\u00e9n de la se\u00f1ora Emilia P\u00e9rez, ubicado en calle Paula Jaraquemada 1987\nen el hist\u00f3rico Barrio 18 de Septiembre, para lanzar el Fondo Concursable\n#DigitalizaTuAlmacen que otorga fondos para el mejoramiento de su infraestructura,\npara capacitarse e invertir en acciones de marketing y tecnolog\u00edas digitales.<\/p>\n\n\n\n<p>El Fondo Concursable\n#DigitalizaTuAlmacen se realiza en el marco del Programa Almacenes de Chile,\ndependiente del Ministerio de Econom\u00eda, Fomento y Turismo, que ya tiene tres\na\u00f1os de funcionamiento y que entrega capacitaci\u00f3n online gratuita para organizar\nde mejor forma el negocio, reducir costos y aumentar las ventas. <\/p>\n\n\n\n<p><strong>La capacitaci\u00f3n online del Programa Almacenes de Chile, es obligatoria para\npoder postular al Fondo Concursable #DigitalizaTuAlmacen. <\/strong><\/p>\n\n\n\n<p>\u201cEsto es Almacenes de Chile y este\n2019 queremos darle otra mirada. Como Chile est\u00e1 marcha, Chile est\u00e1 avanzando,\nla idea es poder seguir en esa l\u00ednea y digitalizar nuestro almac\u00e9n. \u00bfQu\u00e9 quiere\ndecir esto? Esto trae muchos beneficios, sobre todo directos beneficios a\nnuestros clientes, no solo a nuestros clientes, sino que tambi\u00e9n a los\nalmaceneros. Con la digitalizaci\u00f3n, nos podemos ahorrar tiempo, podemos\naumentar nuestras ventas y por supuesto disminuir nuestros costos\u201d, explica la\ndirectora regional de Sercotec. <\/p>\n\n\n\n<p>A eso la directora regional agreg\u00f3\nque \u201cesto de digitalizaci\u00f3n a nuestros almacenes nos va a ayudar mucho, sobre\ntodo porque la era ya est\u00e1 cambiando, estamos avanzando, vamos en la senda de\nla modernizaci\u00f3n y ya cada vez vamos manejando menos el tema del dinero, ahora\nlo hemos convertido con el tema de las tarjetas, pagos en Caja Vecina y eso es\nlo que queremos apuntar, poder tener esta tecnolog\u00eda, donde nos ayude a\nfacilitar la forma de pagar tambi\u00e9n para nuestros usuarios. Aqu\u00ed no solamente\nes un tema del almacenero, que pueda tener mucho m\u00e1s garant\u00edas en esta senda,\nsino que tambi\u00e9n la personalizaci\u00f3n y la mejor atenci\u00f3n a nuestros clientes que\neso tambi\u00e9n marca mucho la diferencia\u201d.<\/p>\n\n\n\n<p>\u201cAhora \u00faltimo implementamos el\nservicio de Servipag que sirve para hacer pago de servicios generalmente, que\nle sirven mucho al adulto mayor. Y tambi\u00e9n la Caja Vecina que son para giros,\ndep\u00f3sitos y tambi\u00e9n pagos de servicios; y la Transbanks que es para el pago de\nlas compras en l\u00ednea, que esto nos ha facilitado mucho porque creo que el\nsistema es m\u00e1s eficiente, m\u00e1s r\u00e1pido para nosotros y m\u00e1s seguro porque se evita\nel uso de efectivo (\u2026) Todo va para modernizar y agilizar todos los\nmovimientos, porque en el fondo la vida de ahora es m\u00e1s r\u00e1pida, hay menos\ntiempo. Entonces se trata de agilizar las transacciones para hacer todo m\u00e1s\nf\u00e1cil para nosotros y tambi\u00e9n para el cliente (\u2026) Nosotros hemos tenido buena\nexperiencia con las m\u00e1quinas que hemos incorporado entonces yo hago la\ninvitaci\u00f3n para que lo almacenes que no lo han hecho lo hagan porque de verdad\nes satisfactorio\u201d, relata la almacenera Emilia P\u00e9rez. <\/p>\n\n\n\n<p>Se\u00f1alar que la convocatoria para el Fondo Concursable #DigitalizaTuAlmacen est\u00e1 disponibles desde hoy 7 de marzo hasta el 29 de este mes en el sitio web <a href=\"http:\/\/www.sercotec.cl\">www.sercotec.cl<\/a>. <\/p>\n\n\n\n<figure class=\"wp-block-image\"><img loading=\"lazy\" decoding=\"async\" width=\"1024\" height=\"1024\" src=\"http:\/\/www.radiopresidenteibanez.cl\/web\/wp-content\/uploads\/2019\/03\/Foto-2-1024x1024.jpeg\" alt=\"\" class=\"wp-image-2027\" srcset=\"https:\/\/www.radiopresidenteibanez.cl\/web\/wp-content\/uploads\/2019\/03\/Foto-2-1024x1024.jpeg 1024w, https:\/\/www.radiopresidenteibanez.cl\/web\/wp-content\/uploads\/2019\/03\/Foto-2-150x150.jpeg 150w, https:\/\/www.radiopresidenteibanez.cl\/web\/wp-content\/uploads\/2019\/03\/Foto-2-300x300.jpeg 300w, https:\/\/www.radiopresidenteibanez.cl\/web\/wp-content\/uploads\/2019\/03\/Foto-2-768x768.jpeg 768w, https:\/\/www.radiopresidenteibanez.cl\/web\/wp-content\/uploads\/2019\/03\/Foto-2.jpeg 1080w\" sizes=\"auto, (max-width: 1024px) 100vw, 1024px\" \/><\/figure>\n","protected":false},"excerpt":{"rendered":"<p>Hasta 2 millones de pesos puede obtener en subsidio un almacenero de barrio, que est\u00e9 interesado en digitalizar su peque\u00f1o negocio y, de esta forma, mejorar su gesti\u00f3n y la&#8230; <a class=\"read-more\" href=\"https:\/\/www.radiopresidenteibanez.cl\/web\/sercotec-financiara-hasta-con-2-millones-a-almaceneros-que-quieran-digitalizar-sus-negocios\/\">Leer m\u00e1s<\/a><\/p>\n","protected":false},"author":2,"featured_media":2027,"comment_status":"closed","ping_status":"closed","sticky":false,"template":"","format":"standard","meta":{"footnotes":""},"categories":[1],"tags":[],"class_list":["post-2026","post","type-post","status-publish","format-standard","has-post-thumbnail","hentry","category-cronica"],"_links":{"self":[{"href":"https:\/\/www.radiopresidenteibanez.cl\/web\/wp-json\/wp\/v2\/posts\/2026","targetHints":{"allow":["GET"]}}],"collection":[{"href":"https:\/\/www.radiopresidenteibanez.cl\/web\/wp-json\/wp\/v2\/posts"}],"about":[{"href":"https:\/\/www.radiopresidenteibanez.cl\/web\/wp-json\/wp\/v2\/types\/post"}],"author":[{"embeddable":true,"href":"https:\/\/www.radiopresidenteibanez.cl\/web\/wp-json\/wp\/v2\/users\/2"}],"replies":[{"embeddable":true,"href":"https:\/\/www.radiopresidenteibanez.cl\/web\/wp-json\/wp\/v2\/comments?post=2026"}],"version-history":[{"count":0,"href":"https:\/\/www.radiopresidenteibanez.cl\/web\/wp-json\/wp\/v2\/posts\/2026\/revisions"}],"wp:featuredmedia":[{"embeddable":true,"href":"https:\/\/www.radiopresidenteibanez.cl\/web\/wp-json\/wp\/v2\/media\/2027"}],"wp:attachment":[{"href":"https:\/\/www.radiopresidenteibanez.cl\/web\/wp-json\/wp\/v2\/media?parent=2026"}],"wp:term":[{"taxonomy":"category","embeddable":true,"href":"https:\/\/www.radiopresidenteibanez.cl\/web\/wp-json\/wp\/v2\/categories?post=2026"},{"taxonomy":"post_tag","embeddable":true,"href":"https:\/\/www.radiopresidenteibanez.cl\/web\/wp-json\/wp\/v2\/tags?post=2026"}],"curies":[{"name":"wp","href":"https:\/\/api.w.org\/{rel}","templated":true}]}}