{"id":20250,"date":"2021-04-24T03:45:00","date_gmt":"2021-04-24T03:45:00","guid":{"rendered":"https:\/\/www.radiopresidenteibanez.cl\/web\/?p=20250"},"modified":"2021-04-23T19:03:36","modified_gmt":"2021-04-23T19:03:36","slug":"mop-inicia-licitacion-para-concretar-obras-de-biblioteca-y-archivo-regional-de-magallanes","status":"publish","type":"post","link":"https:\/\/www.radiopresidenteibanez.cl\/web\/mop-inicia-licitacion-para-concretar-obras-de-biblioteca-y-archivo-regional-de-magallanes\/","title":{"rendered":"MOP INICIA LICITACI\u00d3N PARA CONCRETAR OBRAS DE BIBLIOTECA Y ARCHIVO REGIONAL DE MAGALLANES"},"content":{"rendered":"\n<p>La Direcci\u00f3n de Arquitectura del\nMinisterio de Obras P\u00fablicas public\u00f3 este viernes la licitaci\u00f3n para la\nejecuci\u00f3n de las obras de habilitaci\u00f3n y construcci\u00f3n de la Biblioteca y\nArchivo Regional de Magallanes, proyecto que en parte contempla la restauraci\u00f3n\ny puesta en valor de la ex Penitenciar\u00eda y la ex Gendarmer\u00eda de Punta Arenas,\nedificios construidos a comienzos del siglo XX.<\/p>\n\n\n\n<p>La iniciativa comprende un presupuesto\nde 14 mil 362 millones de pesos para la ejecuci\u00f3n de las obras civiles, las\ncuales ser\u00e1n financiadas por el Gobierno Regional de Magallanes y de la\nAnt\u00e1rtica Chilena y el Servicio Nacional de Patrimonio Cultural. &nbsp;&nbsp;&nbsp;&nbsp; <\/p>\n\n\n\n<p>\u201cHoy se celebra el D\u00eda Internacional\ndel Libro, y qu\u00e9 mejor contexto para informar a la comunidad que se public\u00f3 el\nllamado a licitaci\u00f3n del futuro Archivo y Biblioteca Regional, que se ubicar\u00e1\nen la exc\u00e1rcel de Punta Arenas. Nos llena de orgullo que futuramente podamos\ncontar con este espacio que permitir\u00e1 reunir documentaci\u00f3n hist\u00f3rica, tendr\u00e1 un\nauditorio para realizar ciclos culturales, como danza, teatro y cine, y\nespacios de lectura para ni\u00f1os y adultos, entre otras caracter\u00edsticas que\nacercar\u00e1n la cultura a los magall\u00e1nicos y magall\u00e1nicas\u201d, se\u00f1al\u00f3 la Intendenta\nJennifer Rojas, destacando que \u201cesta es la cuarta biblioteca de este est\u00e1ndar\nque se construye en Chile, y el primer archivo regional que se construye en la\nregi\u00f3n\u201d.<\/p>\n\n\n\n<p>Las empresas constructoras interesadas\nen participar en este proceso tienen plazo hasta el 14 de julio para entregar\nsus propuestas, d\u00eda en que se proceder\u00e1 a la apertura t\u00e9cnica de las mismas,\nmientras que la apertura econ\u00f3mica de ellas se realizar\u00e1 el 30 de julio. <\/p>\n\n\n\n<p>El Seremi de Obras P\u00fablicas, Pablo\nRendoll, manifest\u00f3 que \u201ceste es un proyecto muy anhelado por los magall\u00e1nicos,\nque ha superado numerosas etapas previas y que por fin est\u00e1 cerca de verse\nconcretado. Por su trascendencia y relevancia, esperamos que despierte inter\u00e9s\nentre las constructoras y pueda ser adjudicada sin contratiempos, de manera de\ncumplir con el cronograma de estar iniciando obras a fines de este a\u00f1o\u201d.<\/p>\n\n\n\n<p>En t\u00e9rminos generales, la iniciativa\ninvolucra una superficie total de aproximadamente 5.000 metros cuadrados. Los\ntrabajos consideran la restauraci\u00f3n de las edificaciones patrimoniales tanto en\nfachada como interiores, la demolici\u00f3n de elementos no originales y la\nejecuci\u00f3n de una ampliaci\u00f3n mediante una edificaci\u00f3n de obra nueva emplazada en\ncalle Chilo\u00e9, utilizando una arquitectura contempor\u00e1nea que respeta la\nvolumetr\u00eda de las construcciones originales. &nbsp;<\/p>\n\n\n\n<p>Respecto a los trabajos de\nrestauraci\u00f3n patrimonial del antiguo complejo carcelario, se contempla la\nrecuperaci\u00f3n de la fachada hacia calle Waldo Seguel, donde se emplazar\u00e1 la zona\nadministrativa y de control de acceso a la Biblioteca. En tanto, el patio interior\nde la ex c\u00e1rcel mantendr\u00e1 sus caracter\u00edsticas originales y albergar\u00e1 la sala de\nlectura, mientras que las celdas se adecuar\u00e1n como lugares de estanter\u00edas\nreferenciales y sectores privados para el estudio.<\/p>\n\n\n\n<p>\u00abEste ser\u00e1 un espacio de\nencuentro e interacci\u00f3n de la literatura, los y las artistas, creadores, la\nhistoria y el patrimonio con la comunidad. Dar a conocer esta noticia hoy,\nprecisamente en el D\u00eda del Libro y la Lectura, es una se\u00f1al del inter\u00e9s\ninstitucional por reforzar y potenciar esa m\u00e1gica y enriquecedora experiencia\nde leer\u00bb, resalt\u00f3 la Seremi de las Culturas, las Artes y el Patrimonio,\nKatherine Ibacache.<\/p>\n\n\n\n<p>\u201cEn el marco del D\u00eda del Libro nos\nalegra mucho dar a conocer el lanzamiento de esta licitaci\u00f3n que permitir\u00e1\navanzar hacia la concreci\u00f3n de un anhelo en Magallanes, como es la construcci\u00f3n\nde su Biblioteca y Archivo Regional. Este proyecto har\u00e1 posible una importante\nrecuperaci\u00f3n del patrimonio cultural de la regi\u00f3n, tanto de un edificio ubicado\nen la manzana fundacional de Punta Arenas, como de documentos y libros que hoy\nse encuentran en otros museos y bibliotecas del pa\u00eds, que contar\u00e1n con un lugar\napropiado tanto para su conservaci\u00f3n, como para que la comunidad pueda acceder\na ellos\u201d, coment\u00f3 finalmente el Director Regional del Servicio Nacional del\nPatrimonio Cultural, Pablo Quercia.<\/p>\n\n\n\n<p>Este proyecto cultural fue dise\u00f1ado\nentre 2015 y 2018 por el arquitecto Rodrigo Aguilar, tras adjudicarse un\nconcurso internacional convocado por la Direcci\u00f3n de Arquitectura.<\/p>\n","protected":false},"excerpt":{"rendered":"<p>La Direcci\u00f3n de Arquitectura del Ministerio de Obras P\u00fablicas public\u00f3 este viernes la licitaci\u00f3n para la ejecuci\u00f3n de las obras de habilitaci\u00f3n y construcci\u00f3n de la Biblioteca y Archivo Regional&#8230; <a class=\"read-more\" href=\"https:\/\/www.radiopresidenteibanez.cl\/web\/mop-inicia-licitacion-para-concretar-obras-de-biblioteca-y-archivo-regional-de-magallanes\/\">Leer m\u00e1s<\/a><\/p>\n","protected":false},"author":2,"featured_media":20251,"comment_status":"closed","ping_status":"closed","sticky":false,"template":"","format":"standard","meta":{"footnotes":""},"categories":[1],"tags":[],"class_list":["post-20250","post","type-post","status-publish","format-standard","has-post-thumbnail","hentry","category-cronica"],"_links":{"self":[{"href":"https:\/\/www.radiopresidenteibanez.cl\/web\/wp-json\/wp\/v2\/posts\/20250","targetHints":{"allow":["GET"]}}],"collection":[{"href":"https:\/\/www.radiopresidenteibanez.cl\/web\/wp-json\/wp\/v2\/posts"}],"about":[{"href":"https:\/\/www.radiopresidenteibanez.cl\/web\/wp-json\/wp\/v2\/types\/post"}],"author":[{"embeddable":true,"href":"https:\/\/www.radiopresidenteibanez.cl\/web\/wp-json\/wp\/v2\/users\/2"}],"replies":[{"embeddable":true,"href":"https:\/\/www.radiopresidenteibanez.cl\/web\/wp-json\/wp\/v2\/comments?post=20250"}],"version-history":[{"count":0,"href":"https:\/\/www.radiopresidenteibanez.cl\/web\/wp-json\/wp\/v2\/posts\/20250\/revisions"}],"wp:featuredmedia":[{"embeddable":true,"href":"https:\/\/www.radiopresidenteibanez.cl\/web\/wp-json\/wp\/v2\/media\/20251"}],"wp:attachment":[{"href":"https:\/\/www.radiopresidenteibanez.cl\/web\/wp-json\/wp\/v2\/media?parent=20250"}],"wp:term":[{"taxonomy":"category","embeddable":true,"href":"https:\/\/www.radiopresidenteibanez.cl\/web\/wp-json\/wp\/v2\/categories?post=20250"},{"taxonomy":"post_tag","embeddable":true,"href":"https:\/\/www.radiopresidenteibanez.cl\/web\/wp-json\/wp\/v2\/tags?post=20250"}],"curies":[{"name":"wp","href":"https:\/\/api.w.org\/{rel}","templated":true}]}}