{"id":20200,"date":"2021-04-23T04:00:00","date_gmt":"2021-04-23T04:00:00","guid":{"rendered":"https:\/\/www.radiopresidenteibanez.cl\/web\/?p=20200"},"modified":"2021-04-22T19:11:41","modified_gmt":"2021-04-22T19:11:41","slug":"aumentan-plazo-y-presupuesto-en-apoyo-de-la-pesca-artesanal-para-reparacion-y-o-reposicion-de-embarcaciones-artesanales","status":"publish","type":"post","link":"https:\/\/www.radiopresidenteibanez.cl\/web\/aumentan-plazo-y-presupuesto-en-apoyo-de-la-pesca-artesanal-para-reparacion-y-o-reposicion-de-embarcaciones-artesanales\/","title":{"rendered":"AUMENTAN PLAZO Y PRESUPUESTO EN APOYO DE LA PESCA ARTESANAL, PARA REPARACI\u00d3N Y\/O REPOSICI\u00d3N DE EMBARCACIONES ARTESANALES"},"content":{"rendered":"\n<p>Natalia Easton indic\u00f3: \u201cEl\nobjetivo de estos aportes y apoyos es llegar a la mayor cantidad de\nbeneficiarios, contribuyendo a mejorar la capacidad productiva y\/o comercial de\npescadores artesanales, acuicultores de peque\u00f1a escala y\/o sus organizaciones,\nque hayan visto afectadas sus embarcaciones en el \u00faltimo periodo. En ese\ncontexto y por solicitud de los diferentes actores, desde la Subsecretaria de\nPesca se ampli\u00f3 en 15 d\u00edas el plazo para postular a este programa y se aument\u00f3\nsu presupuesto en un 40% respecto al monto considerado inicialmente. Conocemos\nel esfuerzo y trabajo de nuestros pescadores artesanales y la cantidad de\npersonas y familias Magall\u00e1nicas que se dedican a esta importante y respetada\nindustria en la regi\u00f3n, por lo que continuaremos impulsando pol\u00edticas p\u00fablicas\nque vayan en esta l\u00ednea\u201d. &nbsp;<\/p>\n\n\n\n<p>Por su parte, Paulina Barraza,\nDirectora Zonal de Pesca expres\u00f3: \u201cPara este concurso tenemos diferentes \u00e1reas\nde inversi\u00f3n. En primer lugar, financiamiento para reparaciones tanto\nestructurales como de motor, de embarcaciones entre 5 a 12 metros de eslora,\npor hasta $3.000.000 IVA incluido. Hasta $15.000.000 IVA incluido para la\nreposici\u00f3n total o parcial de embarcaciones siniestradas con p\u00e9rdida total en\nnaufragios ocurridos entre marzo 2019 y el 21 de abril de 2021. Hasta\n$2.000.000 IVA incluido para la reparaci\u00f3n de embarcaciones que cuenten con\nmatr\u00edcula en la autoridad mar\u00edtima e inscripci\u00f3n vigente en el Registro\nPesquero Artesanal. Por \u00faltimo, hasta $2.000.000 IVA incluido para la reposici\u00f3n\nparcial de embarcaciones afectadas por naufragios entre marzo 2019 y 21 de\nabril de 2021 que hayan resultado con p\u00e9rdida parcial. <\/p>\n\n\n\n<p>Easton agreg\u00f3: \u201cPueden postular\ntodos los armadores de nuestra regi\u00f3n que cuentan con Registro Pesquero\nArtesanal y operaciones vigentes. El nuevo plazo de postulaci\u00f3n es hasta el 05\nde mayo de 2021\u201d. \n\nPara\nm\u00e1s informaci\u00f3n, los interesados deber\u00e1n comunicarse con \u00c1lvaro Valenzuela a\nlos siguientes correos electr\u00f3nicos: <a href=\"mailto:reparacion@indespa.cl\">reparacion@indespa.cl<\/a>\no <a href=\"mailto:avalenzuela@indespa.cl\">avalenzuela@indespa.cl<\/a>. Las consultas y el env\u00edo\nde postulaciones en formato digital se deben dirigir al correo electr\u00f3nico: <a href=\"mailto:reparacion@indespa.cl\">reparacion@indespa.cl<\/a>. Para realizar\npostulaciones presenciales, la entrega de documentos f\u00edsicos se debe realizar\nen la oficina de Sernapesca o Direcci\u00f3n Zonal de Pesca y Acuicultura m\u00e1s\ncercana. \n\n\n\n<\/p>\n","protected":false},"excerpt":{"rendered":"<p>Natalia Easton indic\u00f3: \u201cEl objetivo de estos aportes y apoyos es llegar a la mayor cantidad de beneficiarios, contribuyendo a mejorar la capacidad productiva y\/o comercial de pescadores artesanales, acuicultores&#8230; <a class=\"read-more\" href=\"https:\/\/www.radiopresidenteibanez.cl\/web\/aumentan-plazo-y-presupuesto-en-apoyo-de-la-pesca-artesanal-para-reparacion-y-o-reposicion-de-embarcaciones-artesanales\/\">Leer m\u00e1s<\/a><\/p>\n","protected":false},"author":2,"featured_media":10946,"comment_status":"closed","ping_status":"closed","sticky":false,"template":"","format":"standard","meta":{"footnotes":""},"categories":[1],"tags":[],"class_list":["post-20200","post","type-post","status-publish","format-standard","has-post-thumbnail","hentry","category-cronica"],"_links":{"self":[{"href":"https:\/\/www.radiopresidenteibanez.cl\/web\/wp-json\/wp\/v2\/posts\/20200","targetHints":{"allow":["GET"]}}],"collection":[{"href":"https:\/\/www.radiopresidenteibanez.cl\/web\/wp-json\/wp\/v2\/posts"}],"about":[{"href":"https:\/\/www.radiopresidenteibanez.cl\/web\/wp-json\/wp\/v2\/types\/post"}],"author":[{"embeddable":true,"href":"https:\/\/www.radiopresidenteibanez.cl\/web\/wp-json\/wp\/v2\/users\/2"}],"replies":[{"embeddable":true,"href":"https:\/\/www.radiopresidenteibanez.cl\/web\/wp-json\/wp\/v2\/comments?post=20200"}],"version-history":[{"count":0,"href":"https:\/\/www.radiopresidenteibanez.cl\/web\/wp-json\/wp\/v2\/posts\/20200\/revisions"}],"wp:featuredmedia":[{"embeddable":true,"href":"https:\/\/www.radiopresidenteibanez.cl\/web\/wp-json\/wp\/v2\/media\/10946"}],"wp:attachment":[{"href":"https:\/\/www.radiopresidenteibanez.cl\/web\/wp-json\/wp\/v2\/media?parent=20200"}],"wp:term":[{"taxonomy":"category","embeddable":true,"href":"https:\/\/www.radiopresidenteibanez.cl\/web\/wp-json\/wp\/v2\/categories?post=20200"},{"taxonomy":"post_tag","embeddable":true,"href":"https:\/\/www.radiopresidenteibanez.cl\/web\/wp-json\/wp\/v2\/tags?post=20200"}],"curies":[{"name":"wp","href":"https:\/\/api.w.org\/{rel}","templated":true}]}}