{"id":20197,"date":"2021-04-23T04:00:00","date_gmt":"2021-04-23T04:00:00","guid":{"rendered":"https:\/\/www.radiopresidenteibanez.cl\/web\/?p=20197"},"modified":"2021-04-22T19:08:23","modified_gmt":"2021-04-22T19:08:23","slug":"registro-social-de-hogares-realizara-atencion-extraordinaria-por-aumento-de-solicitudes","status":"publish","type":"post","link":"https:\/\/www.radiopresidenteibanez.cl\/web\/registro-social-de-hogares-realizara-atencion-extraordinaria-por-aumento-de-solicitudes\/","title":{"rendered":"REGISTRO SOCIAL DE HOGARES REALIZAR\u00c1 ATENCI\u00d3N EXTRAORDINARIA POR AUMENTO DE SOLICITUDES"},"content":{"rendered":"\n<p>Este jueves 22, viernes 23 y lunes 26 de abril, entre las 14\ny 16.30 horas, el Municipio de Punta Arenas realizar\u00e1 una atenci\u00f3n\nextraordinaria del Registro Social de Hogares, en el gimnasio del Liceo Sara\nBraun.<\/p>\n\n\n\n<p>Lo anterior, debido al aumento de solicitudes que se ha\nexperimentado para actualizar los datos respectivos, luego de que esta medici\u00f3n\nsea requisito para postular a las ayudas estatales, especialmente al Ingreso\nFamiliar de Emergencias (IFE).<\/p>\n\n\n\n<p>\u201cSabemos que los vecinos necesitan actualizar su Registro\nSocial de Hogares para poder postular a diversos beneficios, y en este contexto\nhemos decidido realizar una atenci\u00f3n extraordinaria para poder atender el\naumento de demanda que se ha producido durante estos d\u00edas. Es importante\nrecalcar que tambi\u00e9n est\u00e1 la posibilidad de realizar esta actualizaci\u00f3n a\ntrav\u00e9s del sitio web www.registrosocial.gob.cl. No obstante, somos conscientes\nque hay algunas dudas, por lo cual pueden acercarse al gimnasio del Liceo Sara\nBraun para resolverlas\u201d, afirm\u00f3 la alcaldesa (S) de Punta Arenas, Elena\nBlackwood.<\/p>\n\n\n\n<p>Cabe recordar que la ficha del Registro Social de Hogares se\nactualiza de acuerdo a lo establecido a nivel gubernamental, los d\u00edas 5 de cada\nmes.<\/p>\n","protected":false},"excerpt":{"rendered":"<p>Este jueves 22, viernes 23 y lunes 26 de abril, entre las 14 y 16.30 horas, el Municipio de Punta Arenas realizar\u00e1 una atenci\u00f3n extraordinaria del Registro Social de Hogares,&#8230; <a class=\"read-more\" href=\"https:\/\/www.radiopresidenteibanez.cl\/web\/registro-social-de-hogares-realizara-atencion-extraordinaria-por-aumento-de-solicitudes\/\">Leer m\u00e1s<\/a><\/p>\n","protected":false},"author":2,"featured_media":20198,"comment_status":"closed","ping_status":"closed","sticky":false,"template":"","format":"standard","meta":{"footnotes":""},"categories":[1],"tags":[],"class_list":["post-20197","post","type-post","status-publish","format-standard","has-post-thumbnail","hentry","category-cronica"],"_links":{"self":[{"href":"https:\/\/www.radiopresidenteibanez.cl\/web\/wp-json\/wp\/v2\/posts\/20197","targetHints":{"allow":["GET"]}}],"collection":[{"href":"https:\/\/www.radiopresidenteibanez.cl\/web\/wp-json\/wp\/v2\/posts"}],"about":[{"href":"https:\/\/www.radiopresidenteibanez.cl\/web\/wp-json\/wp\/v2\/types\/post"}],"author":[{"embeddable":true,"href":"https:\/\/www.radiopresidenteibanez.cl\/web\/wp-json\/wp\/v2\/users\/2"}],"replies":[{"embeddable":true,"href":"https:\/\/www.radiopresidenteibanez.cl\/web\/wp-json\/wp\/v2\/comments?post=20197"}],"version-history":[{"count":0,"href":"https:\/\/www.radiopresidenteibanez.cl\/web\/wp-json\/wp\/v2\/posts\/20197\/revisions"}],"wp:featuredmedia":[{"embeddable":true,"href":"https:\/\/www.radiopresidenteibanez.cl\/web\/wp-json\/wp\/v2\/media\/20198"}],"wp:attachment":[{"href":"https:\/\/www.radiopresidenteibanez.cl\/web\/wp-json\/wp\/v2\/media?parent=20197"}],"wp:term":[{"taxonomy":"category","embeddable":true,"href":"https:\/\/www.radiopresidenteibanez.cl\/web\/wp-json\/wp\/v2\/categories?post=20197"},{"taxonomy":"post_tag","embeddable":true,"href":"https:\/\/www.radiopresidenteibanez.cl\/web\/wp-json\/wp\/v2\/tags?post=20197"}],"curies":[{"name":"wp","href":"https:\/\/api.w.org\/{rel}","templated":true}]}}